{"headers": {"id": "ID", "ano": "Ano", "numero": "N\u00famero", "tipo__sigla": "Tipo de Mat\u00e9ria Legislativa/Sigla", "tipo__descricao": "Tipo de Mat\u00e9ria Legislativa/Descri\u00e7\u00e3o", "autoria": "Autorias", "texto_original": "Texto Original", "ementa": "Ementa"}, "results": [{"id": "3373", "ano": "2017", "numero": "2", "tipo__sigla": "IND", "tipo__descricao": "Indica\u00e7\u00e3o", "autoria": "Jair Antonio da Silva", "texto_original": "http://sapl.cambara.pr.leg.br/media/./sapl/public/materialegislativa/2017/3373/3373_texto_integral.pdf", "ementa": "DPTO AGRICULTURA ESTRADAS RURAIS"}, {"id": "3374", "ano": "2017", "numero": "3", "tipo__sigla": "IND", "tipo__descricao": "Indica\u00e7\u00e3o", "autoria": "Jair Antonio da Silva", "texto_original": "http://sapl.cambara.pr.leg.br/media/./sapl/public/materialegislativa/2017/3374/3374_texto_integral.pdf", "ementa": "SEC. INFRAESTRUTURA REPARO PONTES"}, {"id": "3375", "ano": "2017", "numero": "4", "tipo__sigla": "IND", "tipo__descricao": "Indica\u00e7\u00e3o", "autoria": "Jair Antonio da Silva", "texto_original": "http://sapl.cambara.pr.leg.br/media/./sapl/public/materialegislativa/2017/3375/3375_texto_integral.pdf", "ementa": "SEC. INFRAESTRUTURA MELHORIAS PARQUES"}, {"id": "3376", "ano": "2017", "numero": "5", "tipo__sigla": "IND", "tipo__descricao": "Indica\u00e7\u00e3o", "autoria": "Jair Antonio da Silva", "texto_original": "http://sapl.cambara.pr.leg.br/media/./sapl/public/materialegislativa/2017/3376/3376_texto_integral.pdf", "ementa": "SEC. INFRAESTRUTURA EXTENS\u00c3O DE REDE"}, {"id": "3377", "ano": "2017", "numero": "6", "tipo__sigla": "IND", "tipo__descricao": "Indica\u00e7\u00e3o", "autoria": "Jair Antonio da Silva", "texto_original": "http://sapl.cambara.pr.leg.br/media/./sapl/public/materialegislativa/2017/3377/3377_texto_integral.pdf", "ementa": "REPARO E REATIVA\u00c7\u00c3O PISCINA CONJUNTO IGNEZ"}, {"id": "3378", "ano": "2017", "numero": "7", "tipo__sigla": "IND", "tipo__descricao": "Indica\u00e7\u00e3o", "autoria": "Walcir Joaquim", "texto_original": "http://sapl.cambara.pr.leg.br/media/./sapl/public/materialegislativa/2017/3378/3378_texto_integral.pdf", "ementa": "PL PARCERIAS P\u00daBLICO PRIVADAS"}, {"id": "3379", "ano": "2017", "numero": "8", "tipo__sigla": "IND", "tipo__descricao": "Indica\u00e7\u00e3o", "autoria": "Walcir Joaquim", "texto_original": "http://sapl.cambara.pr.leg.br/media/./sapl/public/materialegislativa/2017/3379/3379_texto_integral.pdf", "ementa": "PL SUBSIDIO TRANSPORTE ESTUDANTES"}, {"id": "3386", "ano": "2017", "numero": "9", "tipo__sigla": "IND", "tipo__descricao": "Indica\u00e7\u00e3o", "autoria": "Gil dos Anjos", "texto_original": "http://sapl.cambara.pr.leg.br/media/./sapl/public/materialegislativa/2017/3386/3386_texto_integral.pdf", "ementa": "LIMPEZA LAGOS E RIOS"}, {"id": "3387", "ano": "2017", "numero": "10", "tipo__sigla": "IND", "tipo__descricao": "Indica\u00e7\u00e3o", "autoria": "Gil dos Anjos", "texto_original": "http://sapl.cambara.pr.leg.br/media/./sapl/public/materialegislativa/2017/3387/3387_texto_integral.pdf", "ementa": "ILUMINA\u00c7\u00c3O PRA\u00c7A CONJ. IGNEZ PANICHI"}, {"id": "3388", "ano": "2017", "numero": "11", "tipo__sigla": "IND", "tipo__descricao": "Indica\u00e7\u00e3o", "autoria": "Gil dos Anjos", "texto_original": "http://sapl.cambara.pr.leg.br/media/./sapl/public/materialegislativa/2017/3388/3388_texto_integral.pdf", "ementa": "LIXEIRAS RUA DR. GENARO RESENDE"}, {"id": "3389", "ano": "2017", "numero": "12", "tipo__sigla": "IND", "tipo__descricao": "Indica\u00e7\u00e3o", "autoria": "Gil dos Anjos", "texto_original": "http://sapl.cambara.pr.leg.br/media/./sapl/public/materialegislativa/2017/3389/3389_texto_integral.pdf", "ementa": "LIXEIRA COMUNIT\u00c1RIA ENTRADA E SA\u00cdDAS"}, {"id": "3390", "ano": "2017", "numero": "13", "tipo__sigla": "IND", "tipo__descricao": "Indica\u00e7\u00e3o", "autoria": "Gil dos Anjos", "texto_original": "http://sapl.cambara.pr.leg.br/media/./sapl/public/materialegislativa/2017/3390/3390_texto_integral.pdf", "ementa": "VOLUME DE \u00c1GUA CORRIM\u00c3O CORREGO"}, {"id": "3391", "ano": "2017", "numero": "14", "tipo__sigla": "IND", "tipo__descricao": "Indica\u00e7\u00e3o", "autoria": "Gil dos Anjos", "texto_original": "http://sapl.cambara.pr.leg.br/media/./sapl/public/materialegislativa/2017/3391/3391_texto_integral.pdf", "ementa": "CICLOVIAS"}, {"id": "3392", "ano": "2017", "numero": "15", "tipo__sigla": "IND", "tipo__descricao": "Indica\u00e7\u00e3o", "autoria": "Gil dos Anjos", "texto_original": "http://sapl.cambara.pr.leg.br/media/./sapl/public/materialegislativa/2017/3392/3392_texto_integral.pdf", "ementa": "SECRETARIA DE SEGURAN\u00c7A P\u00daBLICA"}, {"id": "3393", "ano": "2017", "numero": "16", "tipo__sigla": "IND", "tipo__descricao": "Indica\u00e7\u00e3o", "autoria": "Gil dos Anjos", "texto_original": "http://sapl.cambara.pr.leg.br/media/./sapl/public/materialegislativa/2017/3393/3393_texto_integral.pdf", "ementa": "CAL\u00c7AD\u00c3O COM\u00c9RCIO"}, {"id": "3394", "ano": "2017", "numero": "17", "tipo__sigla": "IND", "tipo__descricao": "Indica\u00e7\u00e3o", "autoria": "Gil dos Anjos", "texto_original": "http://sapl.cambara.pr.leg.br/media/./sapl/public/materialegislativa/2017/3394/3394_texto_integral.pdf", "ementa": "CENTRO DE EVENTOS"}, {"id": "3395", "ano": "2017", "numero": "18", "tipo__sigla": "IND", "tipo__descricao": "Indica\u00e7\u00e3o", "autoria": "Gil dos Anjos", "texto_original": "http://sapl.cambara.pr.leg.br/media/./sapl/public/materialegislativa/2017/3395/3395_texto_integral.pdf", "ementa": "RECUO E PONTO DE ONIBUS AVENIDA BRASIL"}, {"id": "3396", "ano": "2017", "numero": "19", "tipo__sigla": "IND", "tipo__descricao": "Indica\u00e7\u00e3o", "autoria": "Cris Liga", "texto_original": "http://sapl.cambara.pr.leg.br/media/./sapl/public/materialegislativa/2017/3396/3396_texto_integral.pdf", "ementa": "\u00d4NIBUS SEC. ASSISTENCIA SOCIAL"}, {"id": "3397", "ano": "2017", "numero": "20", "tipo__sigla": "IND", "tipo__descricao": "Indica\u00e7\u00e3o", "autoria": "Cris Liga", "texto_original": "http://sapl.cambara.pr.leg.br/media/./sapl/public/materialegislativa/2017/3397/3397_texto_integral.pdf", "ementa": "SEC. SA\u00daDE PRIORIDADE ZONA RURAL"}, {"id": "3398", "ano": "2017", "numero": "21", "tipo__sigla": "IND", "tipo__descricao": "Indica\u00e7\u00e3o", "autoria": "Gil dos Anjos", "texto_original": "http://sapl.cambara.pr.leg.br/media/./sapl/public/materialegislativa/2017/3398/3398_texto_integral.pdf", "ementa": "TERCEIRIZA\u00c7\u00c3O ILUMINA\u00c7\u00c3O P\u00daBLICA"}, {"id": "3399", "ano": "2017", "numero": "22", "tipo__sigla": "IND", "tipo__descricao": "Indica\u00e7\u00e3o", "autoria": "Gil dos Anjos", "texto_original": "http://sapl.cambara.pr.leg.br/media/./sapl/public/materialegislativa/2017/3399/3399_texto_integral.pdf", "ementa": "IND_022_CONV\u00caNIO_TRANSPORTE_YAZAKI"}, {"id": "3400", "ano": "2017", "numero": "23", "tipo__sigla": "IND", "tipo__descricao": "Indica\u00e7\u00e3o", "autoria": "M\u00e1rcio Albertini", "texto_original": "http://sapl.cambara.pr.leg.br/media/./sapl/public/materialegislativa/2017/3400/3400_texto_integral.pdf", "ementa": "CORRE\u00c7\u00c3O PORTAL BERGAMASCHI"}, {"id": "3401", "ano": "2017", "numero": "24", "tipo__sigla": "IND", "tipo__descricao": "Indica\u00e7\u00e3o", "autoria": "M\u00e1rcio Albertini", "texto_original": "http://sapl.cambara.pr.leg.br/media/./sapl/public/materialegislativa/2017/3401/3401_texto_integral.pdf", "ementa": "PONTE PARQUE ALAMBARI II"}, {"id": "3402", "ano": "2017", "numero": "25", "tipo__sigla": "IND", "tipo__descricao": "Indica\u00e7\u00e3o", "autoria": "M\u00e1rcio Albertini", "texto_original": "http://sapl.cambara.pr.leg.br/media/./sapl/public/materialegislativa/2017/3402/3402_texto_integral.pdf", "ementa": "MELHORIAS DEFESA CIVIL"}, {"id": "3403", "ano": "2017", "numero": "26", "tipo__sigla": "IND", "tipo__descricao": "Indica\u00e7\u00e3o", "autoria": "M\u00e1rcio Albertini", "texto_original": "http://sapl.cambara.pr.leg.br/media/./sapl/public/materialegislativa/2017/3403/3403_texto_integral.pdf", "ementa": "CORRE\u00c7\u00c3O REDE DE ENERGIA YOKI"}, {"id": "3404", "ano": "2017", "numero": "27", "tipo__sigla": "IND", "tipo__descricao": "Indica\u00e7\u00e3o", "autoria": "M\u00e1rcio Albertini", "texto_original": "http://sapl.cambara.pr.leg.br/media/./sapl/public/materialegislativa/2017/3404/3404_texto_integral.pdf", "ementa": "MELHORIAS CEMITERIO"}, {"id": "3405", "ano": "2017", "numero": "28", "tipo__sigla": "IND", "tipo__descricao": "Indica\u00e7\u00e3o", "autoria": "M\u00e1rcio Albertini", "texto_original": "http://sapl.cambara.pr.leg.br/media/./sapl/public/materialegislativa/2017/3405/3405_texto_integral.pdf", "ementa": "SEC. ESPORTES REFORMA GIN\u00c1SIO DE ESPORTES"}, {"id": "3406", "ano": "2017", "numero": "29", "tipo__sigla": "IND", "tipo__descricao": "Indica\u00e7\u00e3o", "autoria": "M\u00e1rcio Albertini", "texto_original": "http://sapl.cambara.pr.leg.br/media/./sapl/public/materialegislativa/2017/3406/3406_texto_integral.pdf", "ementa": "DEP. MAURO MORAES AMBULANCIA DEFESA CIVIL"}, {"id": "3407", "ano": "2017", "numero": "30", "tipo__sigla": "IND", "tipo__descricao": "Indica\u00e7\u00e3o", "autoria": "Gil dos Anjos", "texto_original": "http://sapl.cambara.pr.leg.br/media/./sapl/public/materialegislativa/2017/3407/3407_texto_integral.pdf", "ementa": "IDENTIFICA\u00c7\u00c3O SERVIDORES SA\u00daDE"}, {"id": "3408", "ano": "2017", "numero": "31", "tipo__sigla": "IND", "tipo__descricao": "Indica\u00e7\u00e3o", "autoria": "M\u00e1rcio Albertini", "texto_original": "http://sapl.cambara.pr.leg.br/media/./sapl/public/materialegislativa/2017/3408/3408_texto_integral.pdf", "ementa": "PARQUE INFANTIL"}, {"id": "3410", "ano": "2017", "numero": "32", "tipo__sigla": "IND", "tipo__descricao": "Indica\u00e7\u00e3o", "autoria": "Gil dos Anjos", "texto_original": "http://sapl.cambara.pr.leg.br/media/./sapl/public/materialegislativa/2017/3410/3410_texto_integral.pdf", "ementa": "EQUIPARA\u00c7\u00c3O SALARIAL CONSELHO TUTELAR"}, {"id": "3411", "ano": "2017", "numero": "33", "tipo__sigla": "IND", "tipo__descricao": "Indica\u00e7\u00e3o", "autoria": "Gil dos Anjos", "texto_original": "http://sapl.cambara.pr.leg.br/media/./sapl/public/materialegislativa/2017/3411/3411_texto_integral.pdf", "ementa": "CARRO F\u00daNEBRE"}, {"id": "3412", "ano": "2017", "numero": "34", "tipo__sigla": "IND", "tipo__descricao": "Indica\u00e7\u00e3o", "autoria": "Gil dos Anjos", "texto_original": "http://sapl.cambara.pr.leg.br/media/./sapl/public/materialegislativa/2017/3412/3412_texto_integral.pdf", "ementa": "\u00d4NIBUS CIRCULAR"}, {"id": "3413", "ano": "2017", "numero": "35", "tipo__sigla": "IND", "tipo__descricao": "Indica\u00e7\u00e3o", "autoria": "Gil dos Anjos", "texto_original": "http://sapl.cambara.pr.leg.br/media/./sapl/public/materialegislativa/2017/3413/3413_texto_integral.pdf", "ementa": "BANHEIRO PRA\u00c7A"}, {"id": "3414", "ano": "2017", "numero": "36", "tipo__sigla": "IND", "tipo__descricao": "Indica\u00e7\u00e3o", "autoria": "Gil dos Anjos", "texto_original": "http://sapl.cambara.pr.leg.br/media/./sapl/public/materialegislativa/2017/3414/3414_texto_integral.pdf", "ementa": "PROJETO DE LEI CUSTEIO MEDICINA"}, {"id": "3415", "ano": "2017", "numero": "37", "tipo__sigla": "IND", "tipo__descricao": "Indica\u00e7\u00e3o", "autoria": "Gil dos Anjos", "texto_original": "http://sapl.cambara.pr.leg.br/media/./sapl/public/materialegislativa/2017/3415/3415_texto_integral.pdf", "ementa": "CONV\u00caNIO CASA DE APOIO"}, {"id": "3416", "ano": "2017", "numero": "38", "tipo__sigla": "IND", "tipo__descricao": "Indica\u00e7\u00e3o", "autoria": "Gil dos Anjos, M\u00e1rcio Albertini", "texto_original": "http://sapl.cambara.pr.leg.br/media/./sapl/public/materialegislativa/2017/3416/3416_texto_integral.pdf", "ementa": "LIMPEZA VILA OL\u00cdMPICA"}, {"id": "3417", "ano": "2017", "numero": "39", "tipo__sigla": "IND", "tipo__descricao": "Indica\u00e7\u00e3o", "autoria": "Gil dos Anjos", "texto_original": "http://sapl.cambara.pr.leg.br/media/./sapl/public/materialegislativa/2017/3417/3417_texto_integral.pdf", "ementa": "COLETA DE RO\u00c7AGEM"}, {"id": "3418", "ano": "2017", "numero": "40", "tipo__sigla": "IND", "tipo__descricao": "Indica\u00e7\u00e3o", "autoria": "Gil dos Anjos", "texto_original": "http://sapl.cambara.pr.leg.br/media/./sapl/public/materialegislativa/2017/3418/3418_texto_integral.pdf", "ementa": "FARM\u00c1CIA MUNICIPAL PRONTO SOCORRO"}, {"id": "3419", "ano": "2017", "numero": "41", "tipo__sigla": "IND", "tipo__descricao": "Indica\u00e7\u00e3o", "autoria": "Walcir Joaquim", "texto_original": "http://sapl.cambara.pr.leg.br/media/./sapl/public/materialegislativa/2017/3419/3419_texto_integral.pdf", "ementa": "PROCON"}, {"id": "3420", "ano": "2017", "numero": "42", "tipo__sigla": "IND", "tipo__descricao": "Indica\u00e7\u00e3o", "autoria": "Walcir Joaquim", "texto_original": "http://sapl.cambara.pr.leg.br/media/./sapl/public/materialegislativa/2017/3420/3420_texto_integral.pdf", "ementa": "CONTRATA\u00c7\u00c3O VETERINARIO"}, {"id": "3421", "ano": "2017", "numero": "43", "tipo__sigla": "IND", "tipo__descricao": "Indica\u00e7\u00e3o", "autoria": "Gil dos Anjos", "texto_original": "http://sapl.cambara.pr.leg.br/media/./sapl/public/materialegislativa/2017/3421/3421_texto_integral.pdf", "ementa": "GUARITA IGNEZ PANICHI"}, {"id": "3422", "ano": "2017", "numero": "44", "tipo__sigla": "IND", "tipo__descricao": "Indica\u00e7\u00e3o", "autoria": "Gil dos Anjos", "texto_original": "http://sapl.cambara.pr.leg.br/media/./sapl/public/materialegislativa/2017/3422/3422_texto_integral.pdf", "ementa": "CONTRATA\u00c7\u00c3O GUARDA MUNICIPAL"}, {"id": "3423", "ano": "2017", "numero": "45", "tipo__sigla": "IND", "tipo__descricao": "Indica\u00e7\u00e3o", "autoria": "Cris Liga", "texto_original": "http://sapl.cambara.pr.leg.br/media/./sapl/public/materialegislativa/2017/3423/3423_texto_integral.pdf", "ementa": "ILUMINA\u00c7\u00c3O"}, {"id": "3424", "ano": "2017", "numero": "46", "tipo__sigla": "IND", "tipo__descricao": "Indica\u00e7\u00e3o", "autoria": "Cris Liga", "texto_original": "http://sapl.cambara.pr.leg.br/media/./sapl/public/materialegislativa/2017/3424/3424_texto_integral.pdf", "ementa": "LIMPEZA RIO ALAMBARI"}, {"id": "3425", "ano": "2017", "numero": "47", "tipo__sigla": "IND", "tipo__descricao": "Indica\u00e7\u00e3o", "autoria": "Cris Liga", "texto_original": "http://sapl.cambara.pr.leg.br/media/./sapl/public/materialegislativa/2017/3425/3425_texto_integral.pdf", "ementa": "LOMBADAS PRA\u00c7A S\u00c3O JOS\u00c9"}, {"id": "3426", "ano": "2017", "numero": "48", "tipo__sigla": "IND", "tipo__descricao": "Indica\u00e7\u00e3o", "autoria": "Gil dos Anjos, Walcir Joaquim", "texto_original": "http://sapl.cambara.pr.leg.br/media/./sapl/public/materialegislativa/2017/3426/3426_texto_integral.pdf", "ementa": "DISTRIBUI\u00c7\u00c3O LANCHE SA\u00daDE"}, {"id": "3427", "ano": "2017", "numero": "49", "tipo__sigla": "IND", "tipo__descricao": "Indica\u00e7\u00e3o", "autoria": "M\u00e1rcio Albertini", "texto_original": "http://sapl.cambara.pr.leg.br/media/./sapl/public/materialegislativa/2017/3427/3427_texto_integral.pdf", "ementa": "LIMPEZA CAL\u00c7ADA RUA MINAS GERAIS"}, {"id": "3428", "ano": "2017", "numero": "50", "tipo__sigla": "IND", "tipo__descricao": "Indica\u00e7\u00e3o", "autoria": "M\u00e1rcio Albertini", "texto_original": "http://sapl.cambara.pr.leg.br/media/./sapl/public/materialegislativa/2017/3428/3428_texto_integral.pdf", "ementa": "LIMPEZA PRA\u00c7A E LINHA FERREA"}, {"id": "3429", "ano": "2017", "numero": "51", "tipo__sigla": "IND", "tipo__descricao": "Indica\u00e7\u00e3o", "autoria": "M\u00e1rcio Albertini", "texto_original": "http://sapl.cambara.pr.leg.br/media/./sapl/public/materialegislativa/2017/3429/3429_texto_integral.pdf", "ementa": "MANUTEN\u00c7\u00c3O CONJ. S\u00c3O FRANCISCO"}, {"id": "3430", "ano": "2017", "numero": "52", "tipo__sigla": "IND", "tipo__descricao": "Indica\u00e7\u00e3o", "autoria": "M\u00e1rcio Albertini", "texto_original": "http://sapl.cambara.pr.leg.br/media/./sapl/public/materialegislativa/2017/3430/3430_texto_integral.pdf", "ementa": "MANUTEN\u00c7\u00c3O PO\u00c7OS ARTESIANOS"}, {"id": "3431", "ano": "2017", "numero": "56", "tipo__sigla": "IND", "tipo__descricao": "Indica\u00e7\u00e3o", "autoria": "Walcir Joaquim", "texto_original": "http://sapl.cambara.pr.leg.br/media/./sapl/public/materialegislativa/2017/3431/3431_texto_integral.pdf", "ementa": "SEC. SA\u00daDE VE\u00cdCULOS SA\u00daDE"}, {"id": "3456", "ano": "2017", "numero": "57", "tipo__sigla": "IND", "tipo__descricao": "Indica\u00e7\u00e3o", "autoria": "Gil dos Anjos", "texto_original": "http://sapl.cambara.pr.leg.br/media/./sapl/public/materialegislativa/2017/3456/3456_texto_integral.pdf", "ementa": "SISTEMA DE RADIO AMADOR E GPS - VE\u00cdCULOS"}, {"id": "3457", "ano": "2017", "numero": "58", "tipo__sigla": "IND", "tipo__descricao": "Indica\u00e7\u00e3o", "autoria": "Gil dos Anjos, M\u00e1rcio Albertini, Walcir Joaquim", "texto_original": "http://sapl.cambara.pr.leg.br/media/./sapl/public/materialegislativa/2017/3457/3457_texto_integral.pdf", "ementa": "PLANO DE SA\u00daDE"}, {"id": "3458", "ano": "2017", "numero": "59", "tipo__sigla": "IND", "tipo__descricao": "Indica\u00e7\u00e3o", "autoria": "Gil dos Anjos", "texto_original": "http://sapl.cambara.pr.leg.br/media/./sapl/public/materialegislativa/2017/3458/3458_texto_integral.pdf", "ementa": "LEIL\u00c3O VE\u00cdCULOS SUCATEADOS"}, {"id": "3459", "ano": "2017", "numero": "60", "tipo__sigla": "IND", "tipo__descricao": "Indica\u00e7\u00e3o", "autoria": "Cris Liga, Angelo Raia (Zoinho), Jair Antonio da Silva, Tetinha", "texto_original": "http://sapl.cambara.pr.leg.br/media/./sapl/public/materialegislativa/2017/3459/3459_texto_integral.pdf", "ementa": "MINIST\u00c9RIO DO TRABALHO"}, {"id": "3460", "ano": "2017", "numero": "61", "tipo__sigla": "IND", "tipo__descricao": "Indica\u00e7\u00e3o", "autoria": "Gil dos Anjos", "texto_original": "http://sapl.cambara.pr.leg.br/media/./sapl/public/materialegislativa/2017/3460/3460_texto_integral.pdf", "ementa": "RETORNO MAQUIN\u00c1RIOS AGR\u00cdCOLAS"}, {"id": "3461", "ano": "2017", "numero": "62", "tipo__sigla": "IND", "tipo__descricao": "Indica\u00e7\u00e3o", "autoria": "Gil dos Anjos", "texto_original": "http://sapl.cambara.pr.leg.br/media/./sapl/public/materialegislativa/2017/3461/3461_texto_integral.pdf", "ementa": "ONG ANIMAIS"}, {"id": "3462", "ano": "2017", "numero": "63", "tipo__sigla": "IND", "tipo__descricao": "Indica\u00e7\u00e3o", "autoria": "Gil dos Anjos", "texto_original": "http://sapl.cambara.pr.leg.br/media/./sapl/public/materialegislativa/2017/3462/3462_texto_integral.pdf", "ementa": "CENTRO DE CONVIV\u00caNCIA DO IDOSO"}, {"id": "3463", "ano": "2017", "numero": "64", "tipo__sigla": "IND", "tipo__descricao": "Indica\u00e7\u00e3o", "autoria": "Walcir Joaquim", "texto_original": "http://sapl.cambara.pr.leg.br/media/./sapl/public/materialegislativa/2017/3463/3463_texto_integral.pdf", "ementa": "TRANSPORTE SOLID\u00c1RIO"}, {"id": "3464", "ano": "2017", "numero": "65", "tipo__sigla": "IND", "tipo__descricao": "Indica\u00e7\u00e3o", "autoria": "Rog\u00e9rinho do Karat\u00ea", "texto_original": "http://sapl.cambara.pr.leg.br/media/./sapl/public/materialegislativa/2017/3464/3464_texto_integral.pdf", "ementa": "DIRETOR DE INFRAESTRUTURA ACADEMIA 3\u00aa IDADE"}, {"id": "3465", "ano": "2017", "numero": "66", "tipo__sigla": "IND", "tipo__descricao": "Indica\u00e7\u00e3o", "autoria": "Rog\u00e9rinho do Karat\u00ea, Cris Liga", "texto_original": "http://sapl.cambara.pr.leg.br/media/./sapl/public/materialegislativa/2017/3465/3465_texto_integral.pdf", "ementa": "DIRETOR DE INFRAESTRUTURA - CORTE DE GRAMA"}, {"id": "3466", "ano": "2017", "numero": "67", "tipo__sigla": "IND", "tipo__descricao": "Indica\u00e7\u00e3o", "autoria": "Rog\u00e9rinho do Karat\u00ea", "texto_original": "http://sapl.cambara.pr.leg.br/media/./sapl/public/materialegislativa/2017/3466/3466_texto_integral.pdf", "ementa": "DIRETOR DE INFRAESTRUTURA - ILUMINA\u00c7\u00c3O P\u00daBLICA"}, {"id": "3467", "ano": "2017", "numero": "68", "tipo__sigla": "IND", "tipo__descricao": "Indica\u00e7\u00e3o", "autoria": "Walcir Joaquim", "texto_original": "http://sapl.cambara.pr.leg.br/media/./sapl/public/materialegislativa/2017/3467/3467_texto_integral.pdf", "ementa": "DIRETOR DE INFRAESTRUTURA - REPARO BUEIROS"}, {"id": "3468", "ano": "2017", "numero": "69", "tipo__sigla": "IND", "tipo__descricao": "Indica\u00e7\u00e3o", "autoria": "Gil dos Anjos", "texto_original": "http://sapl.cambara.pr.leg.br/media/./sapl/public/materialegislativa/2017/3468/3468_texto_integral.pdf", "ementa": "PROTOCOLO ILUMINA\u00c7\u00c3O"}, {"id": "3469", "ano": "2017", "numero": "70", "tipo__sigla": "IND", "tipo__descricao": "Indica\u00e7\u00e3o", "autoria": "Rog\u00e9rinho do Karat\u00ea", "texto_original": "http://sapl.cambara.pr.leg.br/media/./sapl/public/materialegislativa/2017/3469/3469_texto_integral.pdf", "ementa": "EMPLACAMENTO CONJUNTO IRMA PAULINA"}, {"id": "3470", "ano": "2017", "numero": "71", "tipo__sigla": "IND", "tipo__descricao": "Indica\u00e7\u00e3o", "autoria": "M\u00e1rcio Albertini", "texto_original": "http://sapl.cambara.pr.leg.br/media/./sapl/public/materialegislativa/2017/3470/3470_texto_integral.pdf", "ementa": "ILUMINA\u00c7\u00c3O PARQUE ALAMBARI"}, {"id": "3471", "ano": "2017", "numero": "72", "tipo__sigla": "IND", "tipo__descricao": "Indica\u00e7\u00e3o", "autoria": "M\u00e1rcio Albertini", "texto_original": "http://sapl.cambara.pr.leg.br/media/./sapl/public/materialegislativa/2017/3471/3471_texto_integral.pdf", "ementa": "GRADE BOCA DE LOBO"}, {"id": "3472", "ano": "2017", "numero": "73", "tipo__sigla": "IND", "tipo__descricao": "Indica\u00e7\u00e3o", "autoria": "M\u00e1rcio Albertini", "texto_original": "http://sapl.cambara.pr.leg.br/media/./sapl/public/materialegislativa/2017/3472/3472_texto_integral.pdf", "ementa": "C\u00d3DIGO DE POSTURA"}, {"id": "3476", "ano": "2017", "numero": "74", "tipo__sigla": "IND", "tipo__descricao": "Indica\u00e7\u00e3o", "autoria": "Gil dos Anjos", "texto_original": "http://sapl.cambara.pr.leg.br/media/./sapl/public/materialegislativa/2017/3476/3476_texto_integral.pdf", "ementa": "SISTEMA DE ENSINO - SESI"}, {"id": "3477", "ano": "2017", "numero": "75", "tipo__sigla": "IND", "tipo__descricao": "Indica\u00e7\u00e3o", "autoria": "Jair Antonio da Silva", "texto_original": "http://sapl.cambara.pr.leg.br/media/./sapl/public/materialegislativa/2017/3477/3477_texto_integral.pdf", "ementa": "REAJUSTE INFLACION\u00c1RIO"}, {"id": "3478", "ano": "2017", "numero": "76", "tipo__sigla": "IND", "tipo__descricao": "Indica\u00e7\u00e3o", "autoria": "Walcir Joaquim", "texto_original": "http://sapl.cambara.pr.leg.br/media/./sapl/public/materialegislativa/2017/3478/3478_texto_integral.pdf", "ementa": "READEQUA\u00c7\u00c3O RODOVIARIA SERVIDOR FISCAL"}, {"id": "3479", "ano": "2017", "numero": "77", "tipo__sigla": "IND", "tipo__descricao": "Indica\u00e7\u00e3o", "autoria": "Walcir Joaquim", "texto_original": "http://sapl.cambara.pr.leg.br/media/./sapl/public/materialegislativa/2017/3479/3479_texto_integral.pdf", "ementa": "SEC. EDUCA\u00c7\u00c3O APLICA\u00c7\u00c3O PL"}, {"id": "3480", "ano": "2017", "numero": "78", "tipo__sigla": "IND", "tipo__descricao": "Indica\u00e7\u00e3o", "autoria": "Gil dos Anjos", "texto_original": "http://sapl.cambara.pr.leg.br/media/./sapl/public/materialegislativa/2017/3480/3480_texto_integral.pdf", "ementa": "SEC. INFRAESTRUTURA CORRE\u00c7\u00c3O ASFALTICA"}, {"id": "3481", "ano": "2017", "numero": "79", "tipo__sigla": "IND", "tipo__descricao": "Indica\u00e7\u00e3o", "autoria": "Gil dos Anjos", "texto_original": "http://sapl.cambara.pr.leg.br/media/./sapl/public/materialegislativa/2017/3481/3481_texto_integral.pdf", "ementa": "CASA DE VEL\u00d3RIOS_CEMIT\u00c9RIO"}, {"id": "3482", "ano": "2017", "numero": "80", "tipo__sigla": "IND", "tipo__descricao": "Indica\u00e7\u00e3o", "autoria": "Gil dos Anjos", "texto_original": "http://sapl.cambara.pr.leg.br/media/./sapl/public/materialegislativa/2017/3482/3482_texto_integral.pdf", "ementa": "SEC. INFRAESTRUTURA AGUA CONJ CRIVARI"}, {"id": "3483", "ano": "2017", "numero": "81", "tipo__sigla": "IND", "tipo__descricao": "Indica\u00e7\u00e3o", "autoria": "Cris Liga", "texto_original": "http://sapl.cambara.pr.leg.br/media/./sapl/public/materialegislativa/2017/3483/3483_texto_integral.pdf", "ementa": "CENTRO DIA"}, {"id": "3492", "ano": "2017", "numero": "82", "tipo__sigla": "IND", "tipo__descricao": "Indica\u00e7\u00e3o", "autoria": "Cris Liga", "texto_original": "http://sapl.cambara.pr.leg.br/media/./sapl/public/materialegislativa/2017/3492/3492_texto_integral.pdf", "ementa": "CENTRO DE REABILITA\u00c7\u00c3O DEFICIENTES"}, {"id": "3493", "ano": "2017", "numero": "83", "tipo__sigla": "IND", "tipo__descricao": "Indica\u00e7\u00e3o", "autoria": "Gil dos Anjos", "texto_original": "http://sapl.cambara.pr.leg.br/media/./sapl/public/materialegislativa/2017/3493/3493_texto_integral.pdf", "ementa": "ANTENA TV"}, {"id": "3494", "ano": "2017", "numero": "84", "tipo__sigla": "IND", "tipo__descricao": "Indica\u00e7\u00e3o", "autoria": "Gil dos Anjos", "texto_original": "http://sapl.cambara.pr.leg.br/media/./sapl/public/materialegislativa/2017/3494/3494_texto_integral.pdf", "ementa": "COBERTURA POSTO DE SA\u00daDE"}, {"id": "3495", "ano": "2017", "numero": "85", "tipo__sigla": "IND", "tipo__descricao": "Indica\u00e7\u00e3o", "autoria": "Raffaello Frascati", "texto_original": "http://sapl.cambara.pr.leg.br/media/./sapl/public/materialegislativa/2017/3495/3495_texto_integral.pdf", "ementa": "BEBEDOURO PARQUE ALAMBARI"}, {"id": "3496", "ano": "2017", "numero": "86", "tipo__sigla": "IND", "tipo__descricao": "Indica\u00e7\u00e3o", "autoria": "Raffaello Frascati", "texto_original": "http://sapl.cambara.pr.leg.br/media/./sapl/public/materialegislativa/2017/3496/3496_texto_integral.pdf", "ementa": "MELHORIAS CEMIT\u00c9RIO MUNICIPAL"}, {"id": "3497", "ano": "2017", "numero": "87", "tipo__sigla": "IND", "tipo__descricao": "Indica\u00e7\u00e3o", "autoria": "Cris Liga", "texto_original": "http://sapl.cambara.pr.leg.br/media/./sapl/public/materialegislativa/2017/3497/3497_texto_integral.pdf", "ementa": "EMPEDRAMENTO MAT\u00c3O DO PAPA"}, {"id": "3498", "ano": "2017", "numero": "88", "tipo__sigla": "IND", "tipo__descricao": "Indica\u00e7\u00e3o", "autoria": "Gil dos Anjos", "texto_original": "http://sapl.cambara.pr.leg.br/media/./sapl/public/materialegislativa/2017/3498/3498_texto_integral.pdf", "ementa": "TAPA BURACOS E QUEBRA MOLAS - CONJ S\u00c3O FRANCISCO"}, {"id": "3499", "ano": "2017", "numero": "90", "tipo__sigla": "IND", "tipo__descricao": "Indica\u00e7\u00e3o", "autoria": "Gil dos Anjos", "texto_original": "http://sapl.cambara.pr.leg.br/media/./sapl/public/materialegislativa/2017/3499/3499_texto_integral.pdf", "ementa": "GALERIAS RUA OSVALDO CRUZ"}, {"id": "3500", "ano": "2017", "numero": "91", "tipo__sigla": "IND", "tipo__descricao": "Indica\u00e7\u00e3o", "autoria": "Gil dos Anjos", "texto_original": "http://sapl.cambara.pr.leg.br/media/./sapl/public/materialegislativa/2017/3500/3500_texto_integral.pdf", "ementa": "CONTEN\u00c7\u00c3O DE \u00c1GUA RUA OL\u00cdMPIO CRIVARI"}, {"id": "3501", "ano": "2017", "numero": "92", "tipo__sigla": "IND", "tipo__descricao": "Indica\u00e7\u00e3o", "autoria": "Gil dos Anjos", "texto_original": "http://sapl.cambara.pr.leg.br/media/./sapl/public/materialegislativa/2017/3501/3501_texto_integral.pdf", "ementa": "CENTRO DE CONVIV\u00caNCIA DA CRIAN\u00c7A E DO ADOLESCENTE"}, {"id": "3502", "ano": "2017", "numero": "93", "tipo__sigla": "IND", "tipo__descricao": "Indica\u00e7\u00e3o", "autoria": "M\u00e1rcio Albertini", "texto_original": "http://sapl.cambara.pr.leg.br/media/./sapl/public/materialegislativa/2017/3502/3502_texto_integral.pdf", "ementa": "MELHORIAS TIRO DE GUERRA"}, {"id": "3503", "ano": "2017", "numero": "94", "tipo__sigla": "IND", "tipo__descricao": "Indica\u00e7\u00e3o", "autoria": "M\u00e1rcio Albertini", "texto_original": "http://sapl.cambara.pr.leg.br/media/./sapl/public/materialegislativa/2017/3503/3503_texto_integral.pdf", "ementa": "SEC. SA\u00daDE - TENDA ITINERANTE"}, {"id": "3504", "ano": "2017", "numero": "96", "tipo__sigla": "IND", "tipo__descricao": "Indica\u00e7\u00e3o", "autoria": "M\u00e1rcio Albertini", "texto_original": "http://sapl.cambara.pr.leg.br/media/./sapl/public/materialegislativa/2017/3504/3504_texto_integral.pdf", "ementa": "OF\u00cdCIO  DER - TREVOS"}, {"id": "3505", "ano": "2017", "numero": "97", "tipo__sigla": "IND", "tipo__descricao": "Indica\u00e7\u00e3o", "autoria": "M\u00e1rcio Albertini", "texto_original": "http://sapl.cambara.pr.leg.br/media/./sapl/public/materialegislativa/2017/3505/3505_texto_integral.pdf", "ementa": "GALERIAS E MEIO FIO_GONZAGA"}, {"id": "3506", "ano": "2017", "numero": "98", "tipo__sigla": "IND", "tipo__descricao": "Indica\u00e7\u00e3o", "autoria": "M\u00e1rcio Albertini", "texto_original": "http://sapl.cambara.pr.leg.br/media/./sapl/public/materialegislativa/2017/3506/3506_texto_integral.pdf", "ementa": "REUNI\u00c3O EXECUTIVA"}, {"id": "3507", "ano": "2017", "numero": "99", "tipo__sigla": "IND", "tipo__descricao": "Indica\u00e7\u00e3o", "autoria": "M\u00e1rcio Albertini", "texto_original": "http://sapl.cambara.pr.leg.br/media/./sapl/public/materialegislativa/2017/3507/3507_texto_integral.pdf", "ementa": "COBERTURA ESCOLA IGNEZ PANICHI"}, {"id": "3508", "ano": "2017", "numero": "100", "tipo__sigla": "IND", "tipo__descricao": "Indica\u00e7\u00e3o", "autoria": "M\u00e1rcio Albertini, Rog\u00e9rinho do Karat\u00ea", "texto_original": "http://sapl.cambara.pr.leg.br/media/./sapl/public/materialegislativa/2017/3508/3508_texto_integral.pdf", "ementa": "PONTE PARQUE ALAMBARI II E PORTAL BERGAMASCHI"}, {"id": "3509", "ano": "2017", "numero": "101", "tipo__sigla": "IND", "tipo__descricao": "Indica\u00e7\u00e3o", "autoria": "M\u00e1rcio Albertini", "texto_original": "http://sapl.cambara.pr.leg.br/media/./sapl/public/materialegislativa/2017/3509/3509_texto_integral.pdf", "ementa": "OF\u00cdCIO ECONORTE GALERIAS PONTILH\u00c3O"}, {"id": "3510", "ano": "2017", "numero": "102", "tipo__sigla": "IND", "tipo__descricao": "Indica\u00e7\u00e3o", "autoria": "M\u00e1rcio Albertini", "texto_original": "http://sapl.cambara.pr.leg.br/media/./sapl/public/materialegislativa/2017/3510/3510_texto_integral.pdf", "ementa": "PROJETO DE REARBORIZA\u00c7\u00c3O MUNICIPAL"}, {"id": "3511", "ano": "2017", "numero": "103", "tipo__sigla": "IND", "tipo__descricao": "Indica\u00e7\u00e3o", "autoria": "M\u00e1rcio Albertini", "texto_original": "http://sapl.cambara.pr.leg.br/media/./sapl/public/materialegislativa/2017/3511/3511_texto_integral.pdf", "ementa": "COMUTRAN M\u00c3O \u00daNICA"}, {"id": "3512", "ano": "2017", "numero": "104", "tipo__sigla": "IND", "tipo__descricao": "Indica\u00e7\u00e3o", "autoria": "M\u00e1rcio Albertini", "texto_original": "http://sapl.cambara.pr.leg.br/media/./sapl/public/materialegislativa/2017/3512/3512_texto_integral.pdf", "ementa": "REVITALIZA\u00c7\u00c3O ESTA\u00c7\u00c3O FERROVI\u00c1RIA"}, {"id": "3513", "ano": "2017", "numero": "105", "tipo__sigla": "IND", "tipo__descricao": "Indica\u00e7\u00e3o", "autoria": "Angelo Raia (Zoinho), Gil dos Anjos, Tetinha, Walcir Joaquim", "texto_original": "http://sapl.cambara.pr.leg.br/media/./sapl/public/materialegislativa/2017/3513/3513_texto_integral.pdf", "ementa": "CASA ZELADOR ESCOLA LUCY REQUI\u00c3O"}, {"id": "3514", "ano": "2017", "numero": "106", "tipo__sigla": "IND", "tipo__descricao": "Indica\u00e7\u00e3o", "autoria": "Gil dos Anjos, M\u00e1rcio Albertini, Walcir Joaquim", "texto_original": "http://sapl.cambara.pr.leg.br/media/./sapl/public/materialegislativa/2017/3514/3514_texto_integral.pdf", "ementa": "SEC. ESPORTES VALOR GIN\u00c1SIO DE ESPORTES"}, {"id": "3515", "ano": "2017", "numero": "107", "tipo__sigla": "IND", "tipo__descricao": "Indica\u00e7\u00e3o", "autoria": "Gil dos Anjos", "texto_original": "http://sapl.cambara.pr.leg.br/media/./sapl/public/materialegislativa/2017/3515/3515_texto_integral.pdf", "ementa": "EMPEDRAMENTO ZONA RURAL S\u00c3O TOM\u00c9"}, {"id": "3516", "ano": "2017", "numero": "108", "tipo__sigla": "IND", "tipo__descricao": "Indica\u00e7\u00e3o", "autoria": "Gil dos Anjos", "texto_original": "http://sapl.cambara.pr.leg.br/media/./sapl/public/materialegislativa/2017/3516/3516_texto_integral.pdf", "ementa": "ASFALTO CONJ IRM\u00c3 PAULINA"}, {"id": "3517", "ano": "2017", "numero": "109", "tipo__sigla": "IND", "tipo__descricao": "Indica\u00e7\u00e3o", "autoria": "Cris Liga", "texto_original": "http://sapl.cambara.pr.leg.br/media/./sapl/public/materialegislativa/2017/3517/3517_texto_integral.pdf", "ementa": "PODA DE \u00c1RVORE"}, {"id": "3518", "ano": "2017", "numero": "110", "tipo__sigla": "IND", "tipo__descricao": "Indica\u00e7\u00e3o", "autoria": "Gil dos Anjos", "texto_original": "http://sapl.cambara.pr.leg.br/media/./sapl/public/materialegislativa/2017/3518/3518_texto_integral.pdf", "ementa": "CONTRATA\u00c7\u00c3O DE PROFESSORES"}, {"id": "3519", "ano": "2017", "numero": "111", "tipo__sigla": "IND", "tipo__descricao": "Indica\u00e7\u00e3o", "autoria": "M\u00e1rcio Albertini", "texto_original": "http://sapl.cambara.pr.leg.br/media/./sapl/public/materialegislativa/2017/3519/3519_texto_integral.pdf", "ementa": "PRAZO ALVAR\u00c1"}, {"id": "3523", "ano": "2017", "numero": "112", "tipo__sigla": "IND", "tipo__descricao": "Indica\u00e7\u00e3o", "autoria": "Jair Antonio da Silva", "texto_original": "http://sapl.cambara.pr.leg.br/media/./sapl/public/materialegislativa/2017/3523/3523_texto_integral.pdf", "ementa": "AGENDAMENTO POSTOS DE SA\u00daDE"}, {"id": "3524", "ano": "2017", "numero": "113", "tipo__sigla": "IND", "tipo__descricao": "Indica\u00e7\u00e3o", "autoria": "Gil dos Anjos, Rog\u00e9rinho do Karat\u00ea", "texto_original": "http://sapl.cambara.pr.leg.br/media/./sapl/public/materialegislativa/2017/3524/3524_texto_integral.pdf", "ementa": "SANEPAR PROJETO FUNDO AZUL"}, {"id": "3525", "ano": "2017", "numero": "114", "tipo__sigla": "IND", "tipo__descricao": "Indica\u00e7\u00e3o", "autoria": "Gil dos Anjos, Walcir Joaquim", "texto_original": "http://sapl.cambara.pr.leg.br/media/./sapl/public/materialegislativa/2017/3525/3525_texto_integral.pdf", "ementa": "CASA ZELADOR ESCOLA LUCY REQUI\u00c3O"}, {"id": "3526", "ano": "2017", "numero": "115", "tipo__sigla": "IND", "tipo__descricao": "Indica\u00e7\u00e3o", "autoria": "Angelo Raia (Zoinho), Tetinha", "texto_original": "http://sapl.cambara.pr.leg.br/media/./sapl/public/materialegislativa/2017/3526/3526_texto_integral.pdf", "ementa": "CASA ZELADOR ESCOLA IGNEZ PANICHI"}, {"id": "3527", "ano": "2017", "numero": "116", "tipo__sigla": "IND", "tipo__descricao": "Indica\u00e7\u00e3o", "autoria": "Rog\u00e9rinho do Karat\u00ea", "texto_original": "http://sapl.cambara.pr.leg.br/media/./sapl/public/materialegislativa/2017/3527/3527_texto_integral.pdf", "ementa": "OF\u00cdCIO ECONORTE EMPOSSAMENTO ASSOCIA\u00c7\u00c3O DA YOKI"}, {"id": "3528", "ano": "2017", "numero": "117", "tipo__sigla": "IND", "tipo__descricao": "Indica\u00e7\u00e3o", "autoria": "Rog\u00e9rinho do Karat\u00ea", "texto_original": "http://sapl.cambara.pr.leg.br/media/./sapl/public/materialegislativa/2017/3528/3528_texto_integral.pdf", "ementa": "LIMPEZA E TAPA BURACOS"}, {"id": "3539", "ano": "2017", "numero": "118", "tipo__sigla": "IND", "tipo__descricao": "Indica\u00e7\u00e3o", "autoria": "Gil dos Anjos, Angelo Raia (Zoinho), Tetinha", "texto_original": "http://sapl.cambara.pr.leg.br/media/./sapl/public/materialegislativa/2017/3539/3539_texto_integral.pdf", "ementa": "CAL\u00c7ADA E ESTACIONAMENTO ESC IGNEZ PANICHI"}, {"id": "3540", "ano": "2017", "numero": "119", "tipo__sigla": "IND", "tipo__descricao": "Indica\u00e7\u00e3o", "autoria": "Gil dos Anjos, M\u00e1rcio Albertini", "texto_original": "http://sapl.cambara.pr.leg.br/media/./sapl/public/materialegislativa/2017/3540/3540_texto_integral.pdf", "ementa": "TRANSPOSI\u00c7\u00c3O DE REGIME"}, {"id": "3541", "ano": "2017", "numero": "120", "tipo__sigla": "IND", "tipo__descricao": "Indica\u00e7\u00e3o", "autoria": "Jair Antonio da Silva", "texto_original": "http://sapl.cambara.pr.leg.br/media/./sapl/public/materialegislativa/2017/3541/3541_texto_integral.pdf", "ementa": "COPEL REPAROS RUA JO\u00c3O GNASPINI"}, {"id": "3542", "ano": "2017", "numero": "121", "tipo__sigla": "IND", "tipo__descricao": "Indica\u00e7\u00e3o", "autoria": "Jair Antonio da Silva", "texto_original": "http://sapl.cambara.pr.leg.br/media/./sapl/public/materialegislativa/2017/3542/3542_texto_integral.pdf", "ementa": "COPEL TROCA DE CABOS COMPACTOS"}, {"id": "3543", "ano": "2017", "numero": "122", "tipo__sigla": "IND", "tipo__descricao": "Indica\u00e7\u00e3o", "autoria": "Jair Antonio da Silva", "texto_original": "http://sapl.cambara.pr.leg.br/media/./sapl/public/materialegislativa/2017/3543/3543_texto_integral.pdf", "ementa": "CENTRO COMUNIT\u00c1RIO CONJ S\u00c3O FRANCISCO"}, {"id": "3544", "ano": "2017", "numero": "123", "tipo__sigla": "IND", "tipo__descricao": "Indica\u00e7\u00e3o", "autoria": "Rog\u00e9rinho do Karat\u00ea, Walcir Joaquim", "texto_original": "http://sapl.cambara.pr.leg.br/media/./sapl/public/materialegislativa/2017/3544/3544_texto_integral.pdf", "ementa": "SEC. INDUSTRIA E COM\u00c9RCIO"}, {"id": "3545", "ano": "2017", "numero": "124", "tipo__sigla": "IND", "tipo__descricao": "Indica\u00e7\u00e3o", "autoria": "Cris Liga", "texto_original": "http://sapl.cambara.pr.leg.br/media/./sapl/public/materialegislativa/2017/3545/3545_texto_integral.pdf", "ementa": "REPAROS ASFALTO RUA JOAO MANOEL DOS SANTOS"}, {"id": "3546", "ano": "2017", "numero": "125", "tipo__sigla": "IND", "tipo__descricao": "Indica\u00e7\u00e3o", "autoria": "M\u00e1rcio Albertini", "texto_original": "http://sapl.cambara.pr.leg.br/media/./sapl/public/materialegislativa/2017/3546/3546_texto_integral.pdf", "ementa": "BOCAS DE LOBO RUA MINAS GERAIS"}, {"id": "3547", "ano": "2017", "numero": "126", "tipo__sigla": "IND", "tipo__descricao": "Indica\u00e7\u00e3o", "autoria": "M\u00e1rcio Albertini", "texto_original": "http://sapl.cambara.pr.leg.br/media/./sapl/public/materialegislativa/2017/3547/3547_texto_integral.pdf", "ementa": "PARQUE INFANTIL E ACADEMIA POPULAR NOVA"}, {"id": "3548", "ano": "2017", "numero": "127", "tipo__sigla": "IND", "tipo__descricao": "Indica\u00e7\u00e3o", "autoria": "Walcir Joaquim", "texto_original": "http://sapl.cambara.pr.leg.br/media/./sapl/public/materialegislativa/2017/3548/3548_texto_integral.pdf", "ementa": "LOMBADA RUA ORLANDO TINELLI"}, {"id": "3549", "ano": "2017", "numero": "128", "tipo__sigla": "IND", "tipo__descricao": "Indica\u00e7\u00e3o", "autoria": "Gil dos Anjos", "texto_original": "http://sapl.cambara.pr.leg.br/media/./sapl/public/materialegislativa/2017/3549/3549_texto_integral.pdf", "ementa": "PRAIA ARTIFICIAL PARQUE ALAMBARI II"}, {"id": "3550", "ano": "2017", "numero": "129", "tipo__sigla": "IND", "tipo__descricao": "Indica\u00e7\u00e3o", "autoria": "Gil dos Anjos", "texto_original": "http://sapl.cambara.pr.leg.br/media/./sapl/public/materialegislativa/2017/3550/3550_texto_integral.pdf", "ementa": "GALERIAS E MANILHA CONJ. NOVA CAMBAR\u00c1"}, {"id": "3558", "ano": "2017", "numero": "130", "tipo__sigla": "IND", "tipo__descricao": "Indica\u00e7\u00e3o", "autoria": "Gil dos Anjos", "texto_original": "http://sapl.cambara.pr.leg.br/media/./sapl/public/materialegislativa/2017/3558/3558_texto_integral.pdf", "ementa": "OF\u00cdCIOS RECURSOS"}, {"id": "3559", "ano": "2017", "numero": "131", "tipo__sigla": "IND", "tipo__descricao": "Indica\u00e7\u00e3o", "autoria": "Gil dos Anjos", "texto_original": "http://sapl.cambara.pr.leg.br/media/./sapl/public/materialegislativa/2017/3559/3559_texto_integral.pdf", "ementa": "AGRADECIMENTOS DEP. LUIZ CARLOS MARTINS RECURSOS"}, {"id": "3560", "ano": "2017", "numero": "132", "tipo__sigla": "IND", "tipo__descricao": "Indica\u00e7\u00e3o", "autoria": "Gil dos Anjos, Rog\u00e9rinho do Karat\u00ea", "texto_original": "http://sapl.cambara.pr.leg.br/media/./sapl/public/materialegislativa/2017/3560/3560_texto_integral.pdf", "ementa": "CIDADE DIGITAL"}, {"id": "3561", "ano": "2017", "numero": "133", "tipo__sigla": "IND", "tipo__descricao": "Indica\u00e7\u00e3o", "autoria": "M\u00e1rcio Albertini", "texto_original": "http://sapl.cambara.pr.leg.br/media/./sapl/public/materialegislativa/2017/3561/3561_texto_integral.pdf", "ementa": "GALERIAS PLUVIAIS JARDIM SANTO ANT\u00d4NIO"}, {"id": "3562", "ano": "2017", "numero": "134", "tipo__sigla": "IND", "tipo__descricao": "Indica\u00e7\u00e3o", "autoria": "M\u00e1rcio Albertini", "texto_original": "http://sapl.cambara.pr.leg.br/media/./sapl/public/materialegislativa/2017/3562/3562_texto_integral.pdf", "ementa": "MANUTEN\u00c7\u00c3O PONTE JARDIM SANTO ANT\u00d4NIO"}, {"id": "3563", "ano": "2017", "numero": "135", "tipo__sigla": "IND", "tipo__descricao": "Indica\u00e7\u00e3o", "autoria": "M\u00e1rcio Albertini", "texto_original": "http://sapl.cambara.pr.leg.br/media/./sapl/public/materialegislativa/2017/3563/3563_texto_integral.pdf", "ementa": "LIMPEZA TERRENOS E CANTEIROS"}, {"id": "3564", "ano": "2017", "numero": "136", "tipo__sigla": "IND", "tipo__descricao": "Indica\u00e7\u00e3o", "autoria": "M\u00e1rcio Albertini", "texto_original": "http://sapl.cambara.pr.leg.br/media/./sapl/public/materialegislativa/2017/3564/3564_texto_integral.pdf", "ementa": "CORRE\u00c7\u00c3O ASFALTICA BR369"}, {"id": "3565", "ano": "2017", "numero": "137", "tipo__sigla": "IND", "tipo__descricao": "Indica\u00e7\u00e3o", "autoria": "Walcir Joaquim", "texto_original": "http://sapl.cambara.pr.leg.br/media/./sapl/public/materialegislativa/2017/3565/3565_texto_integral.pdf", "ementa": "CONVENIO RECICLAM"}, {"id": "3566", "ano": "2017", "numero": "138", "tipo__sigla": "IND", "tipo__descricao": "Indica\u00e7\u00e3o", "autoria": "Walcir Joaquim", "texto_original": "http://sapl.cambara.pr.leg.br/media/./sapl/public/materialegislativa/2017/3566/3566_texto_integral.pdf", "ementa": "RONDA GUARDA MUNICIPAL"}, {"id": "3569", "ano": "2017", "numero": "139", "tipo__sigla": "IND", "tipo__descricao": "Indica\u00e7\u00e3o", "autoria": "Tetinha", "texto_original": "http://sapl.cambara.pr.leg.br/media/./sapl/public/materialegislativa/2017/3569/3569_texto_integral.pdf", "ementa": "CONVITE COMPARECIMENTO"}, {"id": "3570", "ano": "2017", "numero": "140", "tipo__sigla": "IND", "tipo__descricao": "Indica\u00e7\u00e3o", "autoria": "Rog\u00e9rinho do Karat\u00ea", "texto_original": "http://sapl.cambara.pr.leg.br/media/./sapl/public/materialegislativa/2017/3570/3570_texto_integral.pdf", "ementa": "CORTE DE GRAMA"}, {"id": "3571", "ano": "2017", "numero": "141", "tipo__sigla": "IND", "tipo__descricao": "Indica\u00e7\u00e3o", "autoria": "Rog\u00e9rinho do Karat\u00ea", "texto_original": "http://sapl.cambara.pr.leg.br/media/./sapl/public/materialegislativa/2017/3571/3571_texto_integral.pdf", "ementa": "ACADEMIA 3 IDADE CONJ IGNEZ PANICHI"}, {"id": "3572", "ano": "2017", "numero": "142", "tipo__sigla": "IND", "tipo__descricao": "Indica\u00e7\u00e3o", "autoria": "Walcir Joaquim", "texto_original": "http://sapl.cambara.pr.leg.br/media/./sapl/public/materialegislativa/2017/3572/3572_texto_integral.pdf", "ementa": "CONSELHO MUNICIPAL DO MEIO AMBIENTE"}, {"id": "3578", "ano": "2017", "numero": "143", "tipo__sigla": "IND", "tipo__descricao": "Indica\u00e7\u00e3o", "autoria": "Tetinha", "texto_original": "http://sapl.cambara.pr.leg.br/media/./sapl/public/materialegislativa/2017/3578/3578_texto_integral.pdf", "ementa": "C\u00c2MERAS SA\u00daDE"}, {"id": "3579", "ano": "2017", "numero": "144", "tipo__sigla": "IND", "tipo__descricao": "Indica\u00e7\u00e3o", "autoria": "Jair Antonio da Silva", "texto_original": "http://sapl.cambara.pr.leg.br/media/./sapl/public/materialegislativa/2017/3579/3579_texto_integral.pdf", "ementa": "REPAROS ASFALTICOS"}, {"id": "3580", "ano": "2017", "numero": "145", "tipo__sigla": "IND", "tipo__descricao": "Indica\u00e7\u00e3o", "autoria": "Jair Antonio da Silva", "texto_original": "http://sapl.cambara.pr.leg.br/media/./sapl/public/materialegislativa/2017/3580/3580_texto_integral.pdf", "ementa": "SEC. INFRAESTRUTURA ACADEMIAS E PARQUES INFANTIS"}, {"id": "3581", "ano": "2017", "numero": "146", "tipo__sigla": "IND", "tipo__descricao": "Indica\u00e7\u00e3o", "autoria": "Jair Antonio da Silva", "texto_original": "http://sapl.cambara.pr.leg.br/media/./sapl/public/materialegislativa/2017/3581/3581_texto_integral.pdf", "ementa": "REPAROS LAGOA CONJUNTO GONZAGA"}, {"id": "3582", "ano": "2017", "numero": "147", "tipo__sigla": "IND", "tipo__descricao": "Indica\u00e7\u00e3o", "autoria": "Jair Antonio da Silva", "texto_original": "http://sapl.cambara.pr.leg.br/media/./sapl/public/materialegislativa/2017/3582/3582_texto_integral.pdf", "ementa": "SEC. INFRAESTRUTURA ALAMBRADO CONJ. IGNEZ PANICHI"}, {"id": "3583", "ano": "2017", "numero": "148", "tipo__sigla": "IND", "tipo__descricao": "Indica\u00e7\u00e3o", "autoria": "Jair Antonio da Silva", "texto_original": "http://sapl.cambara.pr.leg.br/media/./sapl/public/materialegislativa/2017/3583/3583_texto_integral.pdf", "ementa": "REPAROS TORRE DE TRANSMISS\u00c3O"}, {"id": "3584", "ano": "2017", "numero": "149", "tipo__sigla": "IND", "tipo__descricao": "Indica\u00e7\u00e3o", "autoria": "Jair Antonio da Silva", "texto_original": "http://sapl.cambara.pr.leg.br/media/./sapl/public/materialegislativa/2017/3584/3584_texto_integral.pdf", "ementa": "COBERTURA ENTRADA CEMIT\u00c9RIO"}, {"id": "3585", "ano": "2017", "numero": "150", "tipo__sigla": "IND", "tipo__descricao": "Indica\u00e7\u00e3o", "autoria": "Tetinha", "texto_original": "http://sapl.cambara.pr.leg.br/media/./sapl/public/materialegislativa/2017/3585/3585_texto_integral.pdf", "ementa": "CADASTROS SA\u00daDE"}, {"id": "3600", "ano": "2017", "numero": "151", "tipo__sigla": "IND", "tipo__descricao": "Indica\u00e7\u00e3o", "autoria": "Tetinha, Angelo Raia (Zoinho), Cris Liga, Jair Antonio da Silva, Raffaello Frascati, Rog\u00e9rinho do Karat\u00ea", "texto_original": "http://sapl.cambara.pr.leg.br/media/./sapl/public/materialegislativa/2017/3600/3600_texto_integral.docx", "ementa": "AUMENTO SALARIAL OU REAJUSTE REAL"}, {"id": "3601", "ano": "2017", "numero": "152", "tipo__sigla": "IND", "tipo__descricao": "Indica\u00e7\u00e3o", "autoria": "Gil dos Anjos", "texto_original": "http://sapl.cambara.pr.leg.br/media/./sapl/public/materialegislativa/2017/3601/3601_texto_integral.docx", "ementa": "UNIFORMES REFLETIVOS"}, {"id": "3602", "ano": "2017", "numero": "153", "tipo__sigla": "IND", "tipo__descricao": "Indica\u00e7\u00e3o", "autoria": "Gil dos Anjos", "texto_original": "http://sapl.cambara.pr.leg.br/media/./sapl/public/materialegislativa/2017/3602/3602_texto_integral.docx", "ementa": "INFILTRA\u00c7\u00d5ES RODOVI\u00c1RIA"}, {"id": "3603", "ano": "2017", "numero": "154", "tipo__sigla": "IND", "tipo__descricao": "Indica\u00e7\u00e3o", "autoria": "Cris Liga", "texto_original": "http://sapl.cambara.pr.leg.br/media/./sapl/public/materialegislativa/2017/3603/3603_texto_integral.docx", "ementa": "CIRCULAR"}, {"id": "3604", "ano": "2017", "numero": "155", "tipo__sigla": "IND", "tipo__descricao": "Indica\u00e7\u00e3o", "autoria": "Walcir Joaquim, Cris Liga, Gil dos Anjos, M\u00e1rcio Albertini", "texto_original": "http://sapl.cambara.pr.leg.br/media/./sapl/public/materialegislativa/2017/3604/3604_texto_integral.docx", "ementa": "REVITALIZA\u00c7\u00c3O PARQUES E MORRO DO CRISTO"}, {"id": "3605", "ano": "2017", "numero": "156", "tipo__sigla": "IND", "tipo__descricao": "Indica\u00e7\u00e3o", "autoria": "Walcir Joaquim", "texto_original": "http://sapl.cambara.pr.leg.br/media/./sapl/public/materialegislativa/2017/3605/3605_texto_integral.docx", "ementa": "\u00d4NIBUS JOVEM APRENDIZ"}, {"id": "3606", "ano": "2017", "numero": "157", "tipo__sigla": "IND", "tipo__descricao": "Indica\u00e7\u00e3o", "autoria": "Tetinha", "texto_original": "http://sapl.cambara.pr.leg.br/media/./sapl/public/materialegislativa/2017/3606/3606_texto_integral.docx", "ementa": "REVIS\u00c3O_DATA BASE"}, {"id": "3607", "ano": "2017", "numero": "158", "tipo__sigla": "IND", "tipo__descricao": "Indica\u00e7\u00e3o", "autoria": "Gil dos Anjos", "texto_original": "http://sapl.cambara.pr.leg.br/media/./sapl/public/materialegislativa/2017/3607/3607_texto_integral.docx", "ementa": "LAVAR RUAS PARALELAS AVENIDA"}, {"id": "3608", "ano": "2017", "numero": "159", "tipo__sigla": "IND", "tipo__descricao": "Indica\u00e7\u00e3o", "autoria": "Tetinha, Angelo Raia (Zoinho)", "texto_original": "http://sapl.cambara.pr.leg.br/media/./sapl/public/materialegislativa/2017/3608/3608_texto_integral.docx", "ementa": "SEAB MICROBACIAS"}, {"id": "3609", "ano": "2017", "numero": "160", "tipo__sigla": "IND", "tipo__descricao": "Indica\u00e7\u00e3o", "autoria": "M\u00e1rcio Albertini", "texto_original": "http://sapl.cambara.pr.leg.br/media/./sapl/public/materialegislativa/2017/3609/3609_texto_integral.docx", "ementa": "OF\u00cdCIO DEPUTADO VIATURA"}, {"id": "3610", "ano": "2017", "numero": "161", "tipo__sigla": "IND", "tipo__descricao": "Indica\u00e7\u00e3o", "autoria": "Walcir Joaquim, Angelo Raia (Zoinho), Cris Liga, Gil dos Anjos, Jair Antonio da Silva, M\u00e1rcio Albertini, Raffaello Frascati, Rog\u00e9rinho do Karat\u00ea, Tetinha", "texto_original": "http://sapl.cambara.pr.leg.br/media/./sapl/public/materialegislativa/2017/3610/3610_texto_integral.docx", "ementa": "GALERIAS PLUVIAIS JARDIM SANTO ANT\u00d4NIO"}, {"id": "3611", "ano": "2017", "numero": "162", "tipo__sigla": "IND", "tipo__descricao": "Indica\u00e7\u00e3o", "autoria": "Rog\u00e9rinho do Karat\u00ea, Walcir Joaquim", "texto_original": "http://sapl.cambara.pr.leg.br/media/./sapl/public/materialegislativa/2017/3611/3611_texto_integral.docx", "ementa": "REITERA\u00c7\u00c3O 123 - SEC. INDUSTRIA E COM\u00c9RCIO"}, {"id": "3612", "ano": "2017", "numero": "163", "tipo__sigla": "IND", "tipo__descricao": "Indica\u00e7\u00e3o", "autoria": "Rog\u00e9rinho do Karat\u00ea", "texto_original": "http://sapl.cambara.pr.leg.br/media/./sapl/public/materialegislativa/2017/3612/3612_texto_integral.docx", "ementa": "INFRAESTRUTURA DISTRITO INDUSTRIAL"}, {"id": "3613", "ano": "2017", "numero": "164", "tipo__sigla": "IND", "tipo__descricao": "Indica\u00e7\u00e3o", "autoria": "Angelo Raia (Zoinho), Tetinha", "texto_original": "http://sapl.cambara.pr.leg.br/media/./sapl/public/materialegislativa/2017/3613/3613_texto_integral.docx", "ementa": "DEPUTADO ESTADUAL PEDRO LUPION ACADEMIA TERCEIRA IDADE"}, {"id": "3614", "ano": "2017", "numero": "165", "tipo__sigla": "IND", "tipo__descricao": "Indica\u00e7\u00e3o", "autoria": "Cris Liga", "texto_original": "http://sapl.cambara.pr.leg.br/media/./sapl/public/materialegislativa/2017/3614/3614_texto_integral.docx", "ementa": "REITERA\u00c7\u00c3O 047 LOMBADAS PRA\u00c7A_S\u00c3O JOS\u00c9"}, {"id": "3615", "ano": "2017", "numero": "166", "tipo__sigla": "IND", "tipo__descricao": "Indica\u00e7\u00e3o", "autoria": "Raffaello Frascati", "texto_original": "http://sapl.cambara.pr.leg.br/media/./sapl/public/materialegislativa/2017/3615/3615_texto_integral.docx", "ementa": "MELHORIAS ESCOLA MUN. IGNEZ PANICHI"}, {"id": "3616", "ano": "2017", "numero": "167", "tipo__sigla": "IND", "tipo__descricao": "Indica\u00e7\u00e3o", "autoria": "Walcir Joaquim, Angelo Raia (Zoinho), Cris Liga, Gil dos Anjos, Jair Antonio da Silva, M\u00e1rcio Albertini, Raffaello Frascati, Rog\u00e9rinho do Karat\u00ea, Tetinha", "texto_original": "http://sapl.cambara.pr.leg.br/media/./sapl/public/materialegislativa/2017/3616/3616_texto_integral.docx", "ementa": "REAJUSTE VALE ALIMENTA\u00c7\u00c3O"}, {"id": "3617", "ano": "2017", "numero": "168", "tipo__sigla": "IND", "tipo__descricao": "Indica\u00e7\u00e3o", "autoria": "Gil dos Anjos", "texto_original": "http://sapl.cambara.pr.leg.br/media/./sapl/public/materialegislativa/2017/3617/3617_texto_integral.docx", "ementa": "PARCELAMENTO IPTU"}, {"id": "3618", "ano": "2017", "numero": "169", "tipo__sigla": "IND", "tipo__descricao": "Indica\u00e7\u00e3o", "autoria": "Gil dos Anjos", "texto_original": "http://sapl.cambara.pr.leg.br/media/./sapl/public/materialegislativa/2017/3618/3618_texto_integral.docx", "ementa": "RECAPE RODOVIA DO TRABALHADOR"}, {"id": "3619", "ano": "2017", "numero": "170", "tipo__sigla": "IND", "tipo__descricao": "Indica\u00e7\u00e3o", "autoria": "Gil dos Anjos", "texto_original": "http://sapl.cambara.pr.leg.br/media/./sapl/public/materialegislativa/2017/3619/3619_texto_integral.docx", "ementa": "IMPRENSA OFICIAL ELETR\u00d4NICA"}, {"id": "3620", "ano": "2017", "numero": "171", "tipo__sigla": "IND", "tipo__descricao": "Indica\u00e7\u00e3o", "autoria": "Jair Antonio da Silva", "texto_original": "http://sapl.cambara.pr.leg.br/media/./sapl/public/materialegislativa/2017/3620/3620_texto_integral.docx", "ementa": "REPAROS PO\u00c7OS ARTESIANOS"}, {"id": "3621", "ano": "2017", "numero": "172", "tipo__sigla": "IND", "tipo__descricao": "Indica\u00e7\u00e3o", "autoria": "Cris Liga", "texto_original": "http://sapl.cambara.pr.leg.br/media/./sapl/public/materialegislativa/2017/3621/3621_texto_integral.docx", "ementa": "L\u00c2MPADA BAIRRO LAZER"}, {"id": "3622", "ano": "2017", "numero": "173", "tipo__sigla": "IND", "tipo__descricao": "Indica\u00e7\u00e3o", "autoria": "Cris Liga", "texto_original": "http://sapl.cambara.pr.leg.br/media/./sapl/public/materialegislativa/2017/3622/3622_texto_integral.docx", "ementa": "LIMPEZA RUA KAZUMA SAKAMOTO"}, {"id": "3623", "ano": "2017", "numero": "174", "tipo__sigla": "IND", "tipo__descricao": "Indica\u00e7\u00e3o", "autoria": "Gil dos Anjos", "texto_original": "http://sapl.cambara.pr.leg.br/media/./sapl/public/materialegislativa/2017/3623/3623_texto_integral.docx", "ementa": "LIMPEZA MORRO BERGAMASCHI"}, {"id": "3624", "ano": "2017", "numero": "175", "tipo__sigla": "IND", "tipo__descricao": "Indica\u00e7\u00e3o", "autoria": "Gil dos Anjos", "texto_original": "http://sapl.cambara.pr.leg.br/media/./sapl/public/materialegislativa/2017/3624/3624_texto_integral.docx", "ementa": "REITERA\u00c7\u00c3O 012 LIXEIRA COMUNIT\u00c1RIA ENTRADA E SA\u00cdDAS"}, {"id": "3625", "ano": "2017", "numero": "176", "tipo__sigla": "IND", "tipo__descricao": "Indica\u00e7\u00e3o", "autoria": "M\u00e1rcio Albertini", "texto_original": "http://sapl.cambara.pr.leg.br/media/./sapl/public/materialegislativa/2017/3625/3625_texto_integral.docx", "ementa": "BOCA DE LOBO CORRE\u00c7\u00c3O ASFALTICA RUA JOSE AGNELLO CORREIA DE CASTRO"}, {"id": "3626", "ano": "2017", "numero": "177", "tipo__sigla": "IND", "tipo__descricao": "Indica\u00e7\u00e3o", "autoria": "Raffaello Frascati", "texto_original": "http://sapl.cambara.pr.leg.br/media/./sapl/public/materialegislativa/2017/3626/3626_texto_integral.docx", "ementa": "REATIVA\u00c7\u00c3O HOSPITAL MUNICIPAL"}, {"id": "3627", "ano": "2017", "numero": "178", "tipo__sigla": "IND", "tipo__descricao": "Indica\u00e7\u00e3o", "autoria": "Raffaello Frascati", "texto_original": "http://sapl.cambara.pr.leg.br/media/./sapl/public/materialegislativa/2017/3627/3627_texto_integral.docx", "ementa": "ABERTURA FARMACIA MUNICIPAL"}, {"id": "3628", "ano": "2017", "numero": "179", "tipo__sigla": "IND", "tipo__descricao": "Indica\u00e7\u00e3o", "autoria": "Raffaello Frascati", "texto_original": "http://sapl.cambara.pr.leg.br/media/./sapl/public/materialegislativa/2017/3628/3628_texto_integral.docx", "ementa": "PAVIMENTA\u00c7\u00c3O PARQUES"}, {"id": "3629", "ano": "2017", "numero": "180", "tipo__sigla": "IND", "tipo__descricao": "Indica\u00e7\u00e3o", "autoria": "Walcir Joaquim, Cris Liga, Gil dos Anjos, M\u00e1rcio Albertini", "texto_original": "http://sapl.cambara.pr.leg.br/media/./sapl/public/materialegislativa/2017/3629/3629_texto_integral.docx", "ementa": "GUARDA MUNICIPAL - NECESSIDADES"}, {"id": "3630", "ano": "2017", "numero": "181", "tipo__sigla": "IND", "tipo__descricao": "Indica\u00e7\u00e3o", "autoria": "Gil dos Anjos, Cris Liga, M\u00e1rcio Albertini, Walcir Joaquim", "texto_original": "http://sapl.cambara.pr.leg.br/media/./sapl/public/materialegislativa/2017/3630/3630_texto_integral.docx", "ementa": "REVIS\u00c3O IPTU"}, {"id": "3631", "ano": "2017", "numero": "183", "tipo__sigla": "IND", "tipo__descricao": "Indica\u00e7\u00e3o", "autoria": "Gil dos Anjos", "texto_original": "http://sapl.cambara.pr.leg.br/media/./sapl/public/materialegislativa/2017/3631/3631_texto_integral.docx", "ementa": "QUEBRA MOLAS AVENIDA AIRTON SENNA"}, {"id": "3632", "ano": "2017", "numero": "184", "tipo__sigla": "IND", "tipo__descricao": "Indica\u00e7\u00e3o", "autoria": "Gil dos Anjos", "texto_original": "http://sapl.cambara.pr.leg.br/media/./sapl/public/materialegislativa/2017/3632/3632_texto_integral.docx", "ementa": "SEGURO VE\u00cdCULOS"}, {"id": "3633", "ano": "2017", "numero": "185", "tipo__sigla": "IND", "tipo__descricao": "Indica\u00e7\u00e3o", "autoria": "Gil dos Anjos", "texto_original": "http://sapl.cambara.pr.leg.br/media/./sapl/public/materialegislativa/2017/3633/3633_texto_integral.docx", "ementa": "EXTENS\u00c3O DE REDE CONJ VOTORANTIM"}, {"id": "3634", "ano": "2017", "numero": "186", "tipo__sigla": "IND", "tipo__descricao": "Indica\u00e7\u00e3o", "autoria": "Walcir Joaquim, Angelo Raia (Zoinho), Cris Liga, Gil dos Anjos, Jair Antonio da Silva, M\u00e1rcio Albertini, Raffaello Frascati, Rog\u00e9rinho do Karat\u00ea, Tetinha", "texto_original": "http://sapl.cambara.pr.leg.br/media/./sapl/public/materialegislativa/2017/3634/3634_texto_integral.docx", "ementa": "GALERIAS-CONJ S\u00c3O FRANCISCO E POPULAR NOVA"}, {"id": "3635", "ano": "2017", "numero": "187", "tipo__sigla": "IND", "tipo__descricao": "Indica\u00e7\u00e3o", "autoria": "Jair Antonio da Silva", "texto_original": "http://sapl.cambara.pr.leg.br/media/./sapl/public/materialegislativa/2017/3635/3635_texto_integral.docx", "ementa": "TAPA BURACOS E GALERIAS CONJ LAZER E NOVA AM\u00c9RICA"}, {"id": "3636", "ano": "2017", "numero": "188", "tipo__sigla": "IND", "tipo__descricao": "Indica\u00e7\u00e3o", "autoria": "M\u00e1rcio Albertini", "texto_original": "http://sapl.cambara.pr.leg.br/media/./sapl/public/materialegislativa/2017/3636/3636_texto_integral.docx", "ementa": "PATRULHA RURAL"}, {"id": "3637", "ano": "2017", "numero": "189", "tipo__sigla": "IND", "tipo__descricao": "Indica\u00e7\u00e3o", "autoria": "M\u00e1rcio Albertini", "texto_original": "http://sapl.cambara.pr.leg.br/media/./sapl/public/materialegislativa/2017/3637/3637_texto_integral.docx", "ementa": "LOMBADA E BOCA DE LOBO JARDIM SANTO ANT\u00d4NIO"}, {"id": "3638", "ano": "2017", "numero": "190", "tipo__sigla": "IND", "tipo__descricao": "Indica\u00e7\u00e3o", "autoria": "M\u00e1rcio Albertini", "texto_original": "http://sapl.cambara.pr.leg.br/media/./sapl/public/materialegislativa/2017/3638/3638_texto_integral.docx", "ementa": "REITERA\u00c7\u00c3O 026 CORRE\u00c7\u00c3O REDE DE ENERGIA YOKI"}, {"id": "3639", "ano": "2017", "numero": "191", "tipo__sigla": "IND", "tipo__descricao": "Indica\u00e7\u00e3o", "autoria": "Tetinha, Angelo Raia (Zoinho), Jair Antonio da Silva, Raffaello Frascati, Rog\u00e9rinho do Karat\u00ea", "texto_original": "http://sapl.cambara.pr.leg.br/media/./sapl/public/materialegislativa/2017/3639/3639_texto_integral.docx", "ementa": "AUXILIO FUNERAL"}, {"id": "3640", "ano": "2017", "numero": "192", "tipo__sigla": "IND", "tipo__descricao": "Indica\u00e7\u00e3o", "autoria": "Tetinha, Angelo Raia (Zoinho)", "texto_original": "http://sapl.cambara.pr.leg.br/media/./sapl/public/materialegislativa/2017/3640/3640_texto_integral.docx", "ementa": "REAJUSTE E VALE-ALIMENTA\u00c7\u00c3O C\u00c2MARA"}, {"id": "3641", "ano": "2017", "numero": "193", "tipo__sigla": "IND", "tipo__descricao": "Indica\u00e7\u00e3o", "autoria": "Gil dos Anjos", "texto_original": "http://sapl.cambara.pr.leg.br/media/./sapl/public/materialegislativa/2017/3641/3641_texto_integral.docx", "ementa": "CONVITE COMPARECIMENTO"}, {"id": "3642", "ano": "2017", "numero": "194", "tipo__sigla": "IND", "tipo__descricao": "Indica\u00e7\u00e3o", "autoria": "Gil dos Anjos", "texto_original": "http://sapl.cambara.pr.leg.br/media/./sapl/public/materialegislativa/2017/3642/3642_texto_integral.docx", "ementa": "EQUOTERAPIA APAE"}, {"id": "3643", "ano": "2017", "numero": "195", "tipo__sigla": "IND", "tipo__descricao": "Indica\u00e7\u00e3o", "autoria": "Gil dos Anjos", "texto_original": "http://sapl.cambara.pr.leg.br/media/./sapl/public/materialegislativa/2017/3643/3643_texto_integral.docx", "ementa": "TELA DE PROTE\u00c7\u00c3O CONJ S\u00c3O FRANCISCO"}, {"id": "3644", "ano": "2017", "numero": "196", "tipo__sigla": "IND", "tipo__descricao": "Indica\u00e7\u00e3o", "autoria": "Rog\u00e9rinho do Karat\u00ea", "texto_original": "http://sapl.cambara.pr.leg.br/media/./sapl/public/materialegislativa/2017/3644/3644_texto_integral.docx", "ementa": "SEC. ESPORTES PISTA DE SKATE"}, {"id": "3645", "ano": "2017", "numero": "197", "tipo__sigla": "IND", "tipo__descricao": "Indica\u00e7\u00e3o", "autoria": "Rog\u00e9rinho do Karat\u00ea", "texto_original": "http://sapl.cambara.pr.leg.br/media/./sapl/public/materialegislativa/2017/3645/3645_texto_integral.docx", "ementa": "SEC. SA\u00daDE CONV\u00caNIO HOSPITAL DO C\u00c2NCER"}, {"id": "3646", "ano": "2017", "numero": "198", "tipo__sigla": "IND", "tipo__descricao": "Indica\u00e7\u00e3o", "autoria": "Rog\u00e9rinho do Karat\u00ea", "texto_original": "http://sapl.cambara.pr.leg.br/media/./sapl/public/materialegislativa/2017/3646/3646_texto_integral.docx", "ementa": "SEC. SA\u00daDE CIRURGIAS PEQUENO PORTE"}, {"id": "3647", "ano": "2017", "numero": "199", "tipo__sigla": "IND", "tipo__descricao": "Indica\u00e7\u00e3o", "autoria": "Rog\u00e9rinho do Karat\u00ea", "texto_original": "http://sapl.cambara.pr.leg.br/media/./sapl/public/materialegislativa/2017/3647/3647_texto_integral.docx", "ementa": "SEC. INFRAESTRUTURA LIMPEZA BAIRRO ESTA\u00c7\u00c3O"}, {"id": "3648", "ano": "2017", "numero": "200", "tipo__sigla": "IND", "tipo__descricao": "Indica\u00e7\u00e3o", "autoria": "Rog\u00e9rinho do Karat\u00ea", "texto_original": "http://sapl.cambara.pr.leg.br/media/", "ementa": "SEC. INFRAESTRUTURA PISTA DE CAMINHADA CONJ S\u00c3O FRANCISCO"}, {"id": "3649", "ano": "2017", "numero": "201", "tipo__sigla": "IND", "tipo__descricao": "Indica\u00e7\u00e3o", "autoria": "Rog\u00e9rinho do Karat\u00ea", "texto_original": "http://sapl.cambara.pr.leg.br/media/./sapl/public/materialegislativa/2017/3649/3649_texto_integral.docx", "ementa": "SEC. AGRICULTURA PLANTIO DE ARVORES CORREGO DO CURTUME"}, {"id": "3650", "ano": "2017", "numero": "202", "tipo__sigla": "IND", "tipo__descricao": "Indica\u00e7\u00e3o", "autoria": "Walcir Joaquim, Cris Liga, Gil dos Anjos, M\u00e1rcio Albertini", "texto_original": "http://sapl.cambara.pr.leg.br/media/./sapl/public/materialegislativa/2017/3650/3650_texto_integral.docx", "ementa": "MELHORIAS GIN\u00c1SIO DE ESPORTES"}, {"id": "3651", "ano": "2017", "numero": "203", "tipo__sigla": "IND", "tipo__descricao": "Indica\u00e7\u00e3o", "autoria": "Walcir Joaquim, Cris Liga, Gil dos Anjos, M\u00e1rcio Albertini", "texto_original": "http://sapl.cambara.pr.leg.br/media/./sapl/public/materialegislativa/2017/3651/3651_texto_integral.docx", "ementa": "PL TRANSPORTE TRABALHADORES"}, {"id": "3652", "ano": "2017", "numero": "211", "tipo__sigla": "IND", "tipo__descricao": "Indica\u00e7\u00e3o", "autoria": "Angelo Raia (Zoinho)", "texto_original": "http://sapl.cambara.pr.leg.br/media/./sapl/public/materialegislativa/2017/3652/3652_texto_integral.docx", "ementa": "DEPUTADO ESTADUAL COBRA REPORTER VE\u00cdCULOS"}, {"id": "3654", "ano": "2017", "numero": "212", "tipo__sigla": "IND", "tipo__descricao": "Indica\u00e7\u00e3o", "autoria": "Angelo Raia (Zoinho)", "texto_original": "http://sapl.cambara.pr.leg.br/media/./sapl/public/materialegislativa/2017/3654/3654_texto_integral.pdf", "ementa": "DEPUTADO ESTADUAL PEDRO LUPION VE\u00cdCULOS"}, {"id": "3655", "ano": "2017", "numero": "213", "tipo__sigla": "IND", "tipo__descricao": "Indica\u00e7\u00e3o", "autoria": "Jair Antonio da Silva", "texto_original": "http://sapl.cambara.pr.leg.br/media/./sapl/public/materialegislativa/2017/3655/3655_texto_integral.pdf", "ementa": "ONIBUS TRANSPORTE UNIVERSITARIO"}, {"id": "3656", "ano": "2017", "numero": "214", "tipo__sigla": "IND", "tipo__descricao": "Indica\u00e7\u00e3o", "autoria": "Jair Antonio da Silva", "texto_original": "http://sapl.cambara.pr.leg.br/media/./sapl/public/materialegislativa/2017/3656/3656_texto_integral.pdf", "ementa": "CURSOS DE CAPACITA\u00c7\u00c3O_PROGRESS\u00c3O"}, {"id": "3657", "ano": "2017", "numero": "215", "tipo__sigla": "IND", "tipo__descricao": "Indica\u00e7\u00e3o", "autoria": "Jair Antonio da Silva", "texto_original": "http://sapl.cambara.pr.leg.br/media/./sapl/public/materialegislativa/2017/3657/3657_texto_integral.pdf", "ementa": "DEP. JO\u00c3O ARRUDA_EMENDA_ILUMINA\u00c7\u00c3O"}, {"id": "3658", "ano": "2017", "numero": "216", "tipo__sigla": "IND", "tipo__descricao": "Indica\u00e7\u00e3o", "autoria": "Jair Antonio da Silva", "texto_original": "http://sapl.cambara.pr.leg.br/media/", "ementa": "DEP. REQUIAO FILHO EMENDA ILUMINA\u00c7\u00c3O"}, {"id": "3659", "ano": "2017", "numero": "217", "tipo__sigla": "IND", "tipo__descricao": "Indica\u00e7\u00e3o", "autoria": "Jair Antonio da Silva", "texto_original": "http://sapl.cambara.pr.leg.br/media/./sapl/public/materialegislativa/2017/3659/3659_texto_integral.pdf", "ementa": "DEP. ALEXANDRE CURI EMENDA ILUMINA\u00c7\u00c3O"}, {"id": "3660", "ano": "2017", "numero": "218", "tipo__sigla": "IND", "tipo__descricao": "Indica\u00e7\u00e3o", "autoria": "Jair Antonio da Silva", "texto_original": "http://sapl.cambara.pr.leg.br/media/./sapl/public/materialegislativa/2017/3660/3660_texto_integral.pdf", "ementa": "SEC. INFRAESTRUTURA_GRADES_GALERIAS"}, {"id": "3661", "ano": "2017", "numero": "219", "tipo__sigla": "IND", "tipo__descricao": "Indica\u00e7\u00e3o", "autoria": "Walcir Joaquim, Cris Liga, Gil dos Anjos, M\u00e1rcio Albertini", "texto_original": "http://sapl.cambara.pr.leg.br/media/./sapl/public/materialegislativa/2017/3661/3661_texto_integral.pdf", "ementa": "CONTRATA\u00c7\u00c3O VETERINARIO_ZOONOSES"}, {"id": "3662", "ano": "2017", "numero": "220", "tipo__sigla": "IND", "tipo__descricao": "Indica\u00e7\u00e3o", "autoria": "Gil dos Anjos", "texto_original": "http://sapl.cambara.pr.leg.br/media/./sapl/public/materialegislativa/2017/3662/3662_texto_integral.pdf", "ementa": "ALBERGUE"}, {"id": "3663", "ano": "2017", "numero": "221", "tipo__sigla": "IND", "tipo__descricao": "Indica\u00e7\u00e3o", "autoria": "Rog\u00e9rinho do Karat\u00ea", "texto_original": "http://sapl.cambara.pr.leg.br/media/./sapl/public/materialegislativa/2017/3663/3663_texto_integral.pdf", "ementa": "PROCON REAJUSTE"}, {"id": "3664", "ano": "2017", "numero": "222", "tipo__sigla": "IND", "tipo__descricao": "Indica\u00e7\u00e3o", "autoria": "Rog\u00e9rinho do Karat\u00ea", "texto_original": "http://sapl.cambara.pr.leg.br/media/./sapl/public/materialegislativa/2017/3664/3664_texto_integral.pdf", "ementa": "REITERA\u00c7\u00c3O 163 INFRAESTRUTURA DISTRITO INDUSTRIAL"}, {"id": "3665", "ano": "2017", "numero": "223", "tipo__sigla": "IND", "tipo__descricao": "Indica\u00e7\u00e3o", "autoria": "Cris Liga", "texto_original": "http://sapl.cambara.pr.leg.br/media/./sapl/public/materialegislativa/2017/3665/3665_texto_integral.pdf", "ementa": "DEPUTADO ESTADUAL GUTO SILVA VE\u00cdCULOS"}, {"id": "3666", "ano": "2017", "numero": "224", "tipo__sigla": "IND", "tipo__descricao": "Indica\u00e7\u00e3o", "autoria": "Cris Liga", "texto_original": "http://sapl.cambara.pr.leg.br/media/./sapl/public/materialegislativa/2017/3666/3666_texto_integral.pdf", "ementa": "DEPUTADO ESTADUAL GUTO SILVA OLEO DIESEL"}, {"id": "3667", "ano": "2017", "numero": "225", "tipo__sigla": "IND", "tipo__descricao": "Indica\u00e7\u00e3o", "autoria": "Walcir Joaquim, Cris Liga, Gil dos Anjos, M\u00e1rcio Albertini", "texto_original": "http://sapl.cambara.pr.leg.br/media/./sapl/public/materialegislativa/2017/3667/3667_texto_integral.pdf", "ementa": "DUODECIMO GUARDA MUNICIPAL"}, {"id": "3668", "ano": "2017", "numero": "226", "tipo__sigla": "IND", "tipo__descricao": "Indica\u00e7\u00e3o", "autoria": "M\u00e1rcio Albertini", "texto_original": "http://sapl.cambara.pr.leg.br/media/./sapl/public/materialegislativa/2017/3668/3668_texto_integral.pdf", "ementa": "MANUTEN\u00c7\u00c3O SAMU"}, {"id": "3669", "ano": "2017", "numero": "227", "tipo__sigla": "IND", "tipo__descricao": "Indica\u00e7\u00e3o", "autoria": "M\u00e1rcio Albertini", "texto_original": "http://sapl.cambara.pr.leg.br/media/./sapl/public/materialegislativa/2017/3669/3669_texto_integral.pdf", "ementa": "MANUTEN\u00c7\u00c3O CASA DE VEL\u00d3RIOS"}, {"id": "3672", "ano": "2017", "numero": "228", "tipo__sigla": "IND", "tipo__descricao": "Indica\u00e7\u00e3o", "autoria": "Gil dos Anjos, M\u00e1rcio Albertini, Raffaello Frascati, Walcir Joaquim", "texto_original": "http://sapl.cambara.pr.leg.br/media/./sapl/public/materialegislativa/2017/3672/3672_texto_integral.pdf", "ementa": "CENTRO DE RECUPERA\u00c7\u00c3O DE DEPENDENTES QUIMICOS"}, {"id": "3673", "ano": "2017", "numero": "229", "tipo__sigla": "IND", "tipo__descricao": "Indica\u00e7\u00e3o", "autoria": "Gil dos Anjos, M\u00e1rcio Albertini, Raffaello Frascati, Walcir Joaquim", "texto_original": "http://sapl.cambara.pr.leg.br/media/./sapl/public/materialegislativa/2017/3673/3673_texto_integral.pdf", "ementa": "QUEBRA-MOLAS E PLACAS ESCOLAS"}, {"id": "3674", "ano": "2017", "numero": "230", "tipo__sigla": "IND", "tipo__descricao": "Indica\u00e7\u00e3o", "autoria": "Gil dos Anjos, Cris Liga, M\u00e1rcio Albertini, Raffaello Frascati, Walcir Joaquim", "texto_original": "http://sapl.cambara.pr.leg.br/media/./sapl/public/materialegislativa/2017/3674/3674_texto_integral.pdf", "ementa": "ENUMERA\u00c7\u00c3O PNEUS"}, {"id": "3675", "ano": "2017", "numero": "231", "tipo__sigla": "IND", "tipo__descricao": "Indica\u00e7\u00e3o", "autoria": "Gil dos Anjos, Cris Liga, M\u00e1rcio Albertini, Raffaello Frascati, Walcir Joaquim", "texto_original": "http://sapl.cambara.pr.leg.br/media/./sapl/public/materialegislativa/2017/3675/3675_texto_integral.pdf", "ementa": "FARMACIA 24H"}, {"id": "3676", "ano": "2017", "numero": "232", "tipo__sigla": "IND", "tipo__descricao": "Indica\u00e7\u00e3o", "autoria": "Gil dos Anjos, Cris Liga, M\u00e1rcio Albertini, Raffaello Frascati, Walcir Joaquim", "texto_original": "http://sapl.cambara.pr.leg.br/media/./sapl/public/materialegislativa/2017/3676/3676_texto_integral.pdf", "ementa": "TORRE DE INTERNET ZONA RURAL"}, {"id": "3677", "ano": "2017", "numero": "233", "tipo__sigla": "IND", "tipo__descricao": "Indica\u00e7\u00e3o", "autoria": "Raffaello Frascati", "texto_original": "http://sapl.cambara.pr.leg.br/media/./sapl/public/materialegislativa/2017/3677/3677_texto_integral.pdf", "ementa": "PROJETO DE LEI DATA BASE"}, {"id": "3678", "ano": "2017", "numero": "234", "tipo__sigla": "IND", "tipo__descricao": "Indica\u00e7\u00e3o", "autoria": "Tetinha", "texto_original": "http://sapl.cambara.pr.leg.br/media/./sapl/public/materialegislativa/2017/3678/3678_texto_integral.pdf", "ementa": "PROJETO DE LEI CORTE SANEPAR E COPEL"}, {"id": "3679", "ano": "2017", "numero": "235", "tipo__sigla": "IND", "tipo__descricao": "Indica\u00e7\u00e3o", "autoria": "Tetinha, Gil dos Anjos", "texto_original": "http://sapl.cambara.pr.leg.br/media/./sapl/public/materialegislativa/2017/3679/3679_texto_integral.pdf", "ementa": "PROJETO DE LEI TEMPO M\u00c1XIMO EM FILAS"}, {"id": "3682", "ano": "2017", "numero": "236", "tipo__sigla": "IND", "tipo__descricao": "Indica\u00e7\u00e3o", "autoria": "Gil dos Anjos, Rog\u00e9rinho do Karat\u00ea", "texto_original": "http://sapl.cambara.pr.leg.br/media/./sapl/public/materialegislativa/2017/3682/3682_texto_integral.pdf", "ementa": "REITERA\u00c7\u00c3O TELA DE PROTE\u00c7\u00c3O CONJ S\u00c3O FRANCISCO"}, {"id": "3683", "ano": "2017", "numero": "237", "tipo__sigla": "IND", "tipo__descricao": "Indica\u00e7\u00e3o", "autoria": "Raffaello Frascati", "texto_original": "http://sapl.cambara.pr.leg.br/media/./sapl/public/materialegislativa/2017/3683/3683_texto_integral.pdf", "ementa": "REVITALIZA\u00c7\u00c3O POPULAR NOVA"}, {"id": "3684", "ano": "2017", "numero": "238", "tipo__sigla": "IND", "tipo__descricao": "Indica\u00e7\u00e3o", "autoria": "Raffaello Frascati", "texto_original": "http://sapl.cambara.pr.leg.br/media/./sapl/public/materialegislativa/2017/3684/3684_texto_integral.pdf", "ementa": "CAPTA\u00c7\u00c3O DE \u00c1GUA RUA OSVALDO CRUZ"}, {"id": "3685", "ano": "2017", "numero": "239", "tipo__sigla": "IND", "tipo__descricao": "Indica\u00e7\u00e3o", "autoria": "Raffaello Frascati", "texto_original": "http://sapl.cambara.pr.leg.br/media/./sapl/public/materialegislativa/2017/3685/3685_texto_integral.pdf", "ementa": "MANILHAMENTO_ESCOLA MUNICIPAL IGNEZ PANICHI"}, {"id": "3686", "ano": "2017", "numero": "240", "tipo__sigla": "IND", "tipo__descricao": "Indica\u00e7\u00e3o", "autoria": "Raffaello Frascati", "texto_original": "http://sapl.cambara.pr.leg.br/media/./sapl/public/materialegislativa/2017/3686/3686_texto_integral.pdf", "ementa": "BOCAS DE LOBO RUA CANDIDO CALZADO"}, {"id": "3687", "ano": "2017", "numero": "241", "tipo__sigla": "IND", "tipo__descricao": "Indica\u00e7\u00e3o", "autoria": "Walcir Joaquim, Cris Liga, Gil dos Anjos, M\u00e1rcio Albertini", "texto_original": "http://sapl.cambara.pr.leg.br/media/./sapl/public/materialegislativa/2017/3687/3687_texto_integral.pdf", "ementa": "MELHORIAS MORADA DO SOL"}, {"id": "3688", "ano": "2017", "numero": "242", "tipo__sigla": "IND", "tipo__descricao": "Indica\u00e7\u00e3o", "autoria": "Gil dos Anjos, M\u00e1rcio Albertini, Raffaello Frascati, Walcir Joaquim", "texto_original": "http://sapl.cambara.pr.leg.br/media/./sapl/public/materialegislativa/2017/3688/3688_texto_integral.pdf", "ementa": "EMPRESA DE RECICLAGEM"}, {"id": "3689", "ano": "2017", "numero": "243", "tipo__sigla": "IND", "tipo__descricao": "Indica\u00e7\u00e3o", "autoria": "Rog\u00e9rinho do Karat\u00ea", "texto_original": "http://sapl.cambara.pr.leg.br/media/./sapl/public/materialegislativa/2017/3689/3689_texto_integral.pdf", "ementa": "ABAIXO ASSINADO DR MANO"}, {"id": "3690", "ano": "2017", "numero": "244", "tipo__sigla": "IND", "tipo__descricao": "Indica\u00e7\u00e3o", "autoria": "Rog\u00e9rinho do Karat\u00ea", "texto_original": "http://sapl.cambara.pr.leg.br/media/./sapl/public/materialegislativa/2017/3690/3690_texto_integral.pdf", "ementa": "EPI GARI"}, {"id": "3691", "ano": "2017", "numero": "245", "tipo__sigla": "IND", "tipo__descricao": "Indica\u00e7\u00e3o", "autoria": "Rog\u00e9rinho do Karat\u00ea", "texto_original": "http://sapl.cambara.pr.leg.br/media/./sapl/public/materialegislativa/2017/3691/3691_texto_integral.pdf", "ementa": "BANHEIRO PRA\u00c7A"}, {"id": "3692", "ano": "2017", "numero": "246", "tipo__sigla": "IND", "tipo__descricao": "Indica\u00e7\u00e3o", "autoria": "Rog\u00e9rinho do Karat\u00ea", "texto_original": "http://sapl.cambara.pr.leg.br/media/./sapl/public/materialegislativa/2017/3692/3692_texto_integral.pdf", "ementa": "MELHORIAS PRA\u00c7A ESTA\u00c7\u00c3O"}, {"id": "3693", "ano": "2017", "numero": "247", "tipo__sigla": "IND", "tipo__descricao": "Indica\u00e7\u00e3o", "autoria": "Rog\u00e9rinho do Karat\u00ea", "texto_original": "http://sapl.cambara.pr.leg.br/media/./sapl/public/materialegislativa/2017/3693/3693_texto_integral.pdf", "ementa": "LIMPEZA LAGOAS"}, {"id": "3694", "ano": "2017", "numero": "248", "tipo__sigla": "IND", "tipo__descricao": "Indica\u00e7\u00e3o", "autoria": "Rog\u00e9rinho do Karat\u00ea", "texto_original": "http://sapl.cambara.pr.leg.br/media/./sapl/public/materialegislativa/2017/3694/3694_texto_integral.pdf", "ementa": "TELA DE PROTE\u00c7\u00c3O CAESC"}, {"id": "3695", "ano": "2017", "numero": "249", "tipo__sigla": "IND", "tipo__descricao": "Indica\u00e7\u00e3o", "autoria": "Gil dos Anjos", "texto_original": "http://sapl.cambara.pr.leg.br/media/./sapl/public/materialegislativa/2017/3695/3695_texto_integral.pdf", "ementa": "OF\u00cdCIO DEPUTADO"}, {"id": "3696", "ano": "2017", "numero": "250", "tipo__sigla": "IND", "tipo__descricao": "Indica\u00e7\u00e3o", "autoria": "Gil dos Anjos", "texto_original": "http://sapl.cambara.pr.leg.br/media/./sapl/public/materialegislativa/2017/3696/3696_texto_integral.pdf", "ementa": "SINALIZA\u00c7\u00c3O PARQUE ALAMBARI I"}, {"id": "3712", "ano": "2017", "numero": "251", "tipo__sigla": "IND", "tipo__descricao": "Indica\u00e7\u00e3o", "autoria": "Rog\u00e9rinho do Karat\u00ea", "texto_original": "http://sapl.cambara.pr.leg.br/media/./sapl/public/materialegislativa/2017/3712/3712_texto_integral.pdf", "ementa": "MP REAJUSTE SANEPAR"}, {"id": "3713", "ano": "2017", "numero": "252", "tipo__sigla": "IND", "tipo__descricao": "Indica\u00e7\u00e3o", "autoria": "Raffaello Frascati", "texto_original": "http://sapl.cambara.pr.leg.br/media/./sapl/public/materialegislativa/2017/3713/3713_texto_integral.pdf", "ementa": "EMPLACAMENTO JARDIM VITORIA CRIVARI"}, {"id": "3714", "ano": "2017", "numero": "253", "tipo__sigla": "IND", "tipo__descricao": "Indica\u00e7\u00e3o", "autoria": "Raffaello Frascati", "texto_original": "http://sapl.cambara.pr.leg.br/media/./sapl/public/materialegislativa/2017/3714/3714_texto_integral.pdf", "ementa": "LIMPEZA RUA ANTONIO BERTINATTI"}, {"id": "3715", "ano": "2017", "numero": "254", "tipo__sigla": "IND", "tipo__descricao": "Indica\u00e7\u00e3o", "autoria": "Angelo Raia (Zoinho)", "texto_original": "http://sapl.cambara.pr.leg.br/media/./sapl/public/materialegislativa/2017/3715/3715_texto_integral.pdf", "ementa": "DEPUTADO ESTADUAL PEDRO LUPION VE\u00cdCULOS"}, {"id": "3716", "ano": "2017", "numero": "255", "tipo__sigla": "IND", "tipo__descricao": "Indica\u00e7\u00e3o", "autoria": "Gil dos Anjos, Cris Liga, M\u00e1rcio Albertini, Raffaello Frascati, Walcir Joaquim", "texto_original": "http://sapl.cambara.pr.leg.br/media/./sapl/public/materialegislativa/2017/3716/3716_texto_integral.pdf", "ementa": "EXTENS\u00c3O FACULDADE"}, {"id": "3717", "ano": "2017", "numero": "256", "tipo__sigla": "IND", "tipo__descricao": "Indica\u00e7\u00e3o", "autoria": "Gil dos Anjos", "texto_original": "http://sapl.cambara.pr.leg.br/media/./sapl/public/materialegislativa/2017/3717/3717_texto_integral.pdf", "ementa": "RECUPERA\u00c7\u00c3O CAMPO JARDIM NOVA AM\u00c9RICA"}, {"id": "3718", "ano": "2017", "numero": "257", "tipo__sigla": "IND", "tipo__descricao": "Indica\u00e7\u00e3o", "autoria": "Gil dos Anjos", "texto_original": "http://sapl.cambara.pr.leg.br/media/./sapl/public/materialegislativa/2017/3718/3718_texto_integral.pdf", "ementa": "RECUPERA\u00c7\u00c3O QUADRA PRA\u00c7A POPULAR NOVA"}, {"id": "3719", "ano": "2017", "numero": "258", "tipo__sigla": "IND", "tipo__descricao": "Indica\u00e7\u00e3o", "autoria": "Gil dos Anjos", "texto_original": "http://sapl.cambara.pr.leg.br/media/./sapl/public/materialegislativa/2017/3719/3719_texto_integral.pdf", "ementa": "AREA DE LAZER CONJ. S\u00c3O JOS\u00c9 II"}, {"id": "3720", "ano": "2017", "numero": "259", "tipo__sigla": "IND", "tipo__descricao": "Indica\u00e7\u00e3o", "autoria": "Angelo Raia (Zoinho)", "texto_original": "http://sapl.cambara.pr.leg.br/media/./sapl/public/materialegislativa/2017/3720/3720_texto_integral.pdf", "ementa": "REFORMA CAMPO QUADRA CONJ. IGNEZ PANICHI"}, {"id": "3721", "ano": "2017", "numero": "260", "tipo__sigla": "IND", "tipo__descricao": "Indica\u00e7\u00e3o", "autoria": "Walcir Joaquim, Cris Liga, Gil dos Anjos, M\u00e1rcio Albertini", "texto_original": "http://sapl.cambara.pr.leg.br/media/./sapl/public/materialegislativa/2017/3721/3721_texto_integral.pdf", "ementa": "REPAROS ASFALTO RUA 21 DE OUTUBRO"}, {"id": "3722", "ano": "2017", "numero": "261", "tipo__sigla": "IND", "tipo__descricao": "Indica\u00e7\u00e3o", "autoria": "Gil dos Anjos", "texto_original": "http://sapl.cambara.pr.leg.br/media/./sapl/public/materialegislativa/2017/3722/3722_texto_integral.pdf", "ementa": "ILUMINA\u00c7\u00c3O CAMPO CONJ S\u00c3O FRANCISCO"}, {"id": "3723", "ano": "2017", "numero": "262", "tipo__sigla": "IND", "tipo__descricao": "Indica\u00e7\u00e3o", "autoria": "Gil dos Anjos", "texto_original": "http://sapl.cambara.pr.leg.br/media/./sapl/public/materialegislativa/2017/3723/3723_texto_integral.pdf", "ementa": "MELHORIA CAMPO ESC. PROFISSIONALIZANTE"}, {"id": "3724", "ano": "2017", "numero": "263", "tipo__sigla": "IND", "tipo__descricao": "Indica\u00e7\u00e3o", "autoria": "Gil dos Anjos", "texto_original": "http://sapl.cambara.pr.leg.br/media/./sapl/public/materialegislativa/2017/3724/3724_texto_integral.pdf", "ementa": "MELHORIA PARQUE GONZAGA"}, {"id": "3725", "ano": "2017", "numero": "264", "tipo__sigla": "IND", "tipo__descricao": "Indica\u00e7\u00e3o", "autoria": "Gil dos Anjos", "texto_original": "http://sapl.cambara.pr.leg.br/media/./sapl/public/materialegislativa/2017/3725/3725_texto_integral.pdf", "ementa": "DUALIDADE ESCOLA CAROLINA LUPION"}, {"id": "3726", "ano": "2017", "numero": "265", "tipo__sigla": "IND", "tipo__descricao": "Indica\u00e7\u00e3o", "autoria": "Gil dos Anjos", "texto_original": "http://sapl.cambara.pr.leg.br/media/./sapl/public/materialegislativa/2017/3726/3726_texto_integral.pdf", "ementa": "PRA\u00c7A JARDIM PRIMAVERA"}, {"id": "3727", "ano": "2017", "numero": "266", "tipo__sigla": "IND", "tipo__descricao": "Indica\u00e7\u00e3o", "autoria": "Gil dos Anjos", "texto_original": "http://sapl.cambara.pr.leg.br/media/./sapl/public/materialegislativa/2017/3727/3727_texto_integral.pdf", "ementa": "IPTU ISEN\u00c7\u00c3O CASAS POPULARES"}, {"id": "3728", "ano": "2017", "numero": "267", "tipo__sigla": "IND", "tipo__descricao": "Indica\u00e7\u00e3o", "autoria": "Angelo Raia (Zoinho)", "texto_original": "http://sapl.cambara.pr.leg.br/media/./sapl/public/materialegislativa/2017/3728/3728_texto_integral.pdf", "ementa": "DEPUTADO ESTADUAL COBRA REPORTER EMENDA REFORMA DEFESA CIVIL"}, {"id": "3729", "ano": "2017", "numero": "268", "tipo__sigla": "IND", "tipo__descricao": "Indica\u00e7\u00e3o", "autoria": "Angelo Raia (Zoinho)", "texto_original": "http://sapl.cambara.pr.leg.br/media/./sapl/public/materialegislativa/2017/3729/3729_texto_integral.pdf", "ementa": "DEPUTADO ESTADUAL COBRA REPORTER AMBUL\u00c2NCIA DEFESA CIVIL"}, {"id": "3730", "ano": "2017", "numero": "269", "tipo__sigla": "IND", "tipo__descricao": "Indica\u00e7\u00e3o", "autoria": "Gil dos Anjos", "texto_original": "http://sapl.cambara.pr.leg.br/media/./sapl/public/materialegislativa/2017/3730/3730_texto_integral.pdf", "ementa": "ACADEMIA 3\u00aa IDADE R. MONS JO\u00c3O BELCHIOR"}, {"id": "3731", "ano": "2017", "numero": "270", "tipo__sigla": "IND", "tipo__descricao": "Indica\u00e7\u00e3o", "autoria": "Gil dos Anjos, Cris Liga, M\u00e1rcio Albertini, Walcir Joaquim", "texto_original": "http://sapl.cambara.pr.leg.br/media/./sapl/public/materialegislativa/2017/3731/3731_texto_integral.pdf", "ementa": "PRONTU\u00c1RIO ELETR\u00d4NICO DA FROTA"}, {"id": "3732", "ano": "2017", "numero": "271", "tipo__sigla": "IND", "tipo__descricao": "Indica\u00e7\u00e3o", "autoria": "Walcir Joaquim, Cris Liga, Gil dos Anjos, M\u00e1rcio Albertini", "texto_original": "http://sapl.cambara.pr.leg.br/media/./sapl/public/materialegislativa/2017/3732/3732_texto_integral.pdf", "ementa": "ISEN\u00c7\u00c3O TAXAS"}, {"id": "3737", "ano": "2017", "numero": "272", "tipo__sigla": "IND", "tipo__descricao": "Indica\u00e7\u00e3o", "autoria": "Gil dos Anjos", "texto_original": "http://sapl.cambara.pr.leg.br/media/./sapl/public/materialegislativa/2017/3737/3737_texto_integral.pdf", "ementa": "SEDU EMENDAS"}, {"id": "3738", "ano": "2017", "numero": "273", "tipo__sigla": "IND", "tipo__descricao": "Indica\u00e7\u00e3o", "autoria": "Rog\u00e9rinho do Karat\u00ea", "texto_original": "http://sapl.cambara.pr.leg.br/media/./sapl/public/materialegislativa/2017/3738/3738_texto_integral.pdf", "ementa": "REITERA\u00c7\u00c3O 123 E 162 - SEC. INDUSTRIA E COM\u00c9RCIO"}, {"id": "3739", "ano": "2017", "numero": "274", "tipo__sigla": "IND", "tipo__descricao": "Indica\u00e7\u00e3o", "autoria": "M\u00e1rcio Albertini, Cris Liga, Gil dos Anjos, Walcir Joaquim", "texto_original": "http://sapl.cambara.pr.leg.br/media/./sapl/public/materialegislativa/2017/3739/3739_texto_integral.pdf", "ementa": "CORRE\u00c7\u00c3O ASFALTICA ZONA RURAL"}, {"id": "3740", "ano": "2017", "numero": "275", "tipo__sigla": "IND", "tipo__descricao": "Indica\u00e7\u00e3o", "autoria": "M\u00e1rcio Albertini", "texto_original": "http://sapl.cambara.pr.leg.br/media/./sapl/public/materialegislativa/2017/3740/3740_texto_integral.pdf", "ementa": "REITERA\u00c7\u00c3O 104 REVITALIZA\u00c7\u00c3O ESTA\u00c7\u00c3O FERROVI\u00c1RIA"}, {"id": "3741", "ano": "2017", "numero": "276", "tipo__sigla": "IND", "tipo__descricao": "Indica\u00e7\u00e3o", "autoria": "M\u00e1rcio Albertini", "texto_original": "http://sapl.cambara.pr.leg.br/media/./sapl/public/materialegislativa/2017/3741/3741_texto_integral.pdf", "ementa": "REITERA\u00c7\u00c3O 027 MELHORIAS CEMITERIO"}, {"id": "3742", "ano": "2017", "numero": "277", "tipo__sigla": "IND", "tipo__descricao": "Indica\u00e7\u00e3o", "autoria": "Walcir Joaquim, Cris Liga, Gil dos Anjos, M\u00e1rcio Albertini", "texto_original": "http://sapl.cambara.pr.leg.br/media/./sapl/public/materialegislativa/2017/3742/3742_texto_integral.pdf", "ementa": "BOCAS DE LOBO E QUEBRA MOLAS RUA MINAS GERAIS"}, {"id": "3743", "ano": "2017", "numero": "278", "tipo__sigla": "IND", "tipo__descricao": "Indica\u00e7\u00e3o", "autoria": "Walcir Joaquim, Cris Liga, Gil dos Anjos, M\u00e1rcio Albertini", "texto_original": "http://sapl.cambara.pr.leg.br/media/./sapl/public/materialegislativa/2017/3743/3743_texto_integral.pdf", "ementa": "REITERA\u00c7\u00c3O 161 GALERIAS PLUVIAIS JARDIM SANTO ANT\u00d4NIO"}, {"id": "3744", "ano": "2017", "numero": "279", "tipo__sigla": "IND", "tipo__descricao": "Indica\u00e7\u00e3o", "autoria": "Walcir Joaquim, Cris Liga, Gil dos Anjos, M\u00e1rcio Albertini", "texto_original": "http://sapl.cambara.pr.leg.br/media/./sapl/public/materialegislativa/2017/3744/3744_texto_integral.pdf", "ementa": "IND_279_LIXEIRA COLETIVA"}, {"id": "3745", "ano": "2017", "numero": "280", "tipo__sigla": "IND", "tipo__descricao": "Indica\u00e7\u00e3o", "autoria": "Walcir Joaquim, Cris Liga, Gil dos Anjos, M\u00e1rcio Albertini", "texto_original": "http://sapl.cambara.pr.leg.br/media/./sapl/public/materialegislativa/2017/3745/3745_texto_integral.pdf", "ementa": "REITERA\u00c7\u00c3O 102 PROJETO DE REARBORIZA\u00c7\u00c3O MUNICIPAL"}, {"id": "3746", "ano": "2017", "numero": "281", "tipo__sigla": "IND", "tipo__descricao": "Indica\u00e7\u00e3o", "autoria": "Gil dos Anjos, Angelo Raia (Zoinho)", "texto_original": "http://sapl.cambara.pr.leg.br/media/./sapl/public/materialegislativa/2017/3746/3746_texto_integral.pdf", "ementa": "SUBSIDIO TRABALHADORES"}, {"id": "3747", "ano": "2017", "numero": "282", "tipo__sigla": "IND", "tipo__descricao": "Indica\u00e7\u00e3o", "autoria": "Tetinha", "texto_original": "http://sapl.cambara.pr.leg.br/media/./sapl/public/materialegislativa/2017/3747/3747_texto_integral.pdf", "ementa": "GOVERNO DO ESTADO EMULS\u00c3O ASFALTICA"}, {"id": "3748", "ano": "2017", "numero": "283", "tipo__sigla": "IND", "tipo__descricao": "Indica\u00e7\u00e3o", "autoria": "M\u00e1rcio Albertini, Cris Liga, Gil dos Anjos, Walcir Joaquim", "texto_original": "http://sapl.cambara.pr.leg.br/media/./sapl/public/materialegislativa/2017/3748/3748_texto_integral.pdf", "ementa": "REITERA\u00c7\u00c3O 094 SEC. SA\u00daDE TENDA ITINERANTE"}, {"id": "3757", "ano": "2017", "numero": "284", "tipo__sigla": "IND", "tipo__descricao": "Indica\u00e7\u00e3o", "autoria": "Angelo Raia (Zoinho)", "texto_original": "http://sapl.cambara.pr.leg.br/media/./sapl/public/materialegislativa/2017/3757/3757_texto_integral.pdf", "ementa": "CONVITE COMPARECIMENTO"}, {"id": "3758", "ano": "2017", "numero": "285", "tipo__sigla": "IND", "tipo__descricao": "Indica\u00e7\u00e3o", "autoria": "Gil dos Anjos", "texto_original": "http://sapl.cambara.pr.leg.br/media/./sapl/public/materialegislativa/2017/3758/3758_texto_integral.pdf", "ementa": "MANUTEN\u00c7\u00c3O ANTIGO PREDIO PREFEITURA"}, {"id": "3759", "ano": "2017", "numero": "286", "tipo__sigla": "IND", "tipo__descricao": "Indica\u00e7\u00e3o", "autoria": "Tetinha", "texto_original": "http://sapl.cambara.pr.leg.br/media/./sapl/public/materialegislativa/2017/3759/3759_texto_integral.pdf", "ementa": "REITERA\u00c7\u00c3O 234 PROJETO DE LEI CORTE SANEPAR E COPEL"}, {"id": "3760", "ano": "2017", "numero": "287", "tipo__sigla": "IND", "tipo__descricao": "Indica\u00e7\u00e3o", "autoria": "Tetinha, Gil dos Anjos", "texto_original": "http://sapl.cambara.pr.leg.br/media/./sapl/public/materialegislativa/2017/3760/3760_texto_integral.pdf", "ementa": "REITERA\u00c7\u00c3O 235 PROJETO DE LEI TEMPO M\u00c1XIMO EM FILAS"}, {"id": "3761", "ano": "2017", "numero": "288", "tipo__sigla": "IND", "tipo__descricao": "Indica\u00e7\u00e3o", "autoria": "Tetinha, Angelo Raia (Zoinho), Jair Antonio da Silva, Raffaello Frascati, Rog\u00e9rinho do Karat\u00ea", "texto_original": "http://sapl.cambara.pr.leg.br/media/./sapl/public/materialegislativa/2017/3761/3761_texto_integral.pdf", "ementa": "REITERA\u00c7\u00c3O 191 AUXILIO FUNERAL"}, {"id": "3762", "ano": "2017", "numero": "289", "tipo__sigla": "IND", "tipo__descricao": "Indica\u00e7\u00e3o", "autoria": "Tetinha, Angelo Raia (Zoinho), Cris Liga, Jair Antonio da Silva, Raffaello Frascati, Rog\u00e9rinho do Karat\u00ea", "texto_original": "http://sapl.cambara.pr.leg.br/media/./sapl/public/materialegislativa/2017/3762/3762_texto_integral.pdf", "ementa": "PROJETO DE LEI DATA BASE"}, {"id": "3763", "ano": "2017", "numero": "290", "tipo__sigla": "IND", "tipo__descricao": "Indica\u00e7\u00e3o", "autoria": "Gil dos Anjos", "texto_original": "http://sapl.cambara.pr.leg.br/media/./sapl/public/materialegislativa/2017/3763/3763_texto_integral.pdf", "ementa": "CANALIZA\u00c7\u00c3O BAIRRO ESTA\u00c7\u00c3O"}, {"id": "3764", "ano": "2017", "numero": "291", "tipo__sigla": "IND", "tipo__descricao": "Indica\u00e7\u00e3o", "autoria": "Gil dos Anjos", "texto_original": "http://sapl.cambara.pr.leg.br/media/./sapl/public/materialegislativa/2017/3764/3764_texto_integral.pdf", "ementa": "QUEBRA MOLAS RUA ALAMBARI"}, {"id": "3765", "ano": "2017", "numero": "292", "tipo__sigla": "IND", "tipo__descricao": "Indica\u00e7\u00e3o", "autoria": "Gil dos Anjos", "texto_original": "http://sapl.cambara.pr.leg.br/media/./sapl/public/materialegislativa/2017/3765/3765_texto_integral.pdf", "ementa": "COMPUTADORES ESPA\u00c7O CULTURAL"}, {"id": "3766", "ano": "2017", "numero": "293", "tipo__sigla": "IND", "tipo__descricao": "Indica\u00e7\u00e3o", "autoria": "Gil dos Anjos", "texto_original": "http://sapl.cambara.pr.leg.br/media/./sapl/public/materialegislativa/2017/3766/3766_texto_integral.pdf", "ementa": "ATIVIDADES RECREATIVAS CRIAN\u00c7AS"}, {"id": "3767", "ano": "2017", "numero": "294", "tipo__sigla": "IND", "tipo__descricao": "Indica\u00e7\u00e3o", "autoria": "Gil dos Anjos", "texto_original": "http://sapl.cambara.pr.leg.br/media/./sapl/public/materialegislativa/2017/3767/3767_texto_integral.pdf", "ementa": "AULAS ESPA\u00c7O CULTURAL"}, {"id": "3768", "ano": "2017", "numero": "295", "tipo__sigla": "IND", "tipo__descricao": "Indica\u00e7\u00e3o", "autoria": "Walcir Joaquim, Cris Liga, Gil dos Anjos, M\u00e1rcio Albertini", "texto_original": "http://sapl.cambara.pr.leg.br/media/./sapl/public/materialegislativa/2017/3768/3768_texto_integral.pdf", "ementa": "SEC. INFRAESTRUTURA RECAPEAMENTO"}, {"id": "3773", "ano": "2017", "numero": "296", "tipo__sigla": "IND", "tipo__descricao": "Indica\u00e7\u00e3o", "autoria": "Gil dos Anjos", "texto_original": "http://sapl.cambara.pr.leg.br/media/./sapl/public/materialegislativa/2017/3773/3773_texto_integral.pdf", "ementa": "CANIL MUNICIPAL"}, {"id": "3774", "ano": "2017", "numero": "297", "tipo__sigla": "IND", "tipo__descricao": "Indica\u00e7\u00e3o", "autoria": "Tetinha, Raffaello Frascati", "texto_original": "http://sapl.cambara.pr.leg.br/media/./sapl/public/materialegislativa/2017/3774/3774_texto_integral.pdf", "ementa": "QUEBRA-MOLAS PARQUE"}, {"id": "3775", "ano": "2017", "numero": "298", "tipo__sigla": "IND", "tipo__descricao": "Indica\u00e7\u00e3o", "autoria": "Gil dos Anjos", "texto_original": "http://sapl.cambara.pr.leg.br/media/./sapl/public/materialegislativa/2017/3775/3775_texto_integral.pdf", "ementa": "PLANO DE SA\u00daDE E VALE ALIMENTA\u00c7\u00c3O"}, {"id": "3776", "ano": "2017", "numero": "299", "tipo__sigla": "IND", "tipo__descricao": "Indica\u00e7\u00e3o", "autoria": "Gil dos Anjos", "texto_original": "http://sapl.cambara.pr.leg.br/media/./sapl/public/materialegislativa/2017/3776/3776_texto_integral.pdf", "ementa": "REVISAO COSIP"}, {"id": "3777", "ano": "2017", "numero": "300", "tipo__sigla": "IND", "tipo__descricao": "Indica\u00e7\u00e3o", "autoria": "Gil dos Anjos", "texto_original": "http://sapl.cambara.pr.leg.br/media/", "ementa": "ILUMINA\u00c7\u00c3O RUA ANTONIO LUZ DIAS"}, {"id": "3778", "ano": "2017", "numero": "301", "tipo__sigla": "IND", "tipo__descricao": "Indica\u00e7\u00e3o", "autoria": "Cris Liga", "texto_original": "http://sapl.cambara.pr.leg.br/media/./sapl/public/materialegislativa/2017/3778/3778_texto_integral.pdf", "ementa": "ASFALTO RUA JO\u00c3O CARULA"}, {"id": "3779", "ano": "2017", "numero": "302", "tipo__sigla": "IND", "tipo__descricao": "Indica\u00e7\u00e3o", "autoria": "Rog\u00e9rinho do Karat\u00ea", "texto_original": "http://sapl.cambara.pr.leg.br/media/./sapl/public/materialegislativa/2017/3779/3779_texto_integral.pdf", "ementa": "ILUMINA\u00c7\u00c3O PARQUE GONZAGA"}, {"id": "3780", "ano": "2017", "numero": "303", "tipo__sigla": "IND", "tipo__descricao": "Indica\u00e7\u00e3o", "autoria": "Rog\u00e9rinho do Karat\u00ea", "texto_original": "http://sapl.cambara.pr.leg.br/media/./sapl/public/materialegislativa/2017/3780/3780_texto_integral.pdf", "ementa": "TAPA BURACOS ACELERAR"}, {"id": "3781", "ano": "2017", "numero": "304", "tipo__sigla": "IND", "tipo__descricao": "Indica\u00e7\u00e3o", "autoria": "Rog\u00e9rinho do Karat\u00ea", "texto_original": "http://sapl.cambara.pr.leg.br/media/./sapl/public/materialegislativa/2017/3781/3781_texto_integral.pdf", "ementa": "ACADEMIA 3\u00aa IDADE"}, {"id": "3782", "ano": "2017", "numero": "305", "tipo__sigla": "IND", "tipo__descricao": "Indica\u00e7\u00e3o", "autoria": "Rog\u00e9rinho do Karat\u00ea", "texto_original": "http://sapl.cambara.pr.leg.br/media/./sapl/public/materialegislativa/2017/3782/3782_texto_integral.pdf", "ementa": "MELHORIAS CAL\u00c7ADA VOTORANTIM"}, {"id": "3783", "ano": "2017", "numero": "306", "tipo__sigla": "IND", "tipo__descricao": "Indica\u00e7\u00e3o", "autoria": "Rog\u00e9rinho do Karat\u00ea", "texto_original": "http://sapl.cambara.pr.leg.br/media/./sapl/public/materialegislativa/2017/3783/3783_texto_integral.pdf", "ementa": "PISTA DE SKATE"}, {"id": "3784", "ano": "2017", "numero": "307", "tipo__sigla": "IND", "tipo__descricao": "Indica\u00e7\u00e3o", "autoria": "Rog\u00e9rinho do Karat\u00ea, Angelo Raia (Zoinho), Cris Liga, Jair Antonio da Silva, Raffaello Frascati, Tetinha", "texto_original": "http://sapl.cambara.pr.leg.br/media/./sapl/public/materialegislativa/2017/3784/3784_texto_integral.pdf", "ementa": "DUOD\u00c9CIMO C\u00c2MARA"}, {"id": "3785", "ano": "2017", "numero": "308", "tipo__sigla": "IND", "tipo__descricao": "Indica\u00e7\u00e3o", "autoria": "Tetinha", "texto_original": "http://sapl.cambara.pr.leg.br/media/./sapl/public/materialegislativa/2017/3785/3785_texto_integral.pdf", "ementa": "C\u00c2MARA DATA BASE E REAJUSTE"}, {"id": "3786", "ano": "2017", "numero": "309", "tipo__sigla": "IND", "tipo__descricao": "Indica\u00e7\u00e3o", "autoria": "Jair Antonio da Silva", "texto_original": "http://sapl.cambara.pr.leg.br/media/./sapl/public/materialegislativa/2017/3786/3786_texto_integral.pdf", "ementa": "M\u00c3O DUPLA"}, {"id": "3787", "ano": "2017", "numero": "310", "tipo__sigla": "IND", "tipo__descricao": "Indica\u00e7\u00e3o", "autoria": "Angelo Raia (Zoinho)", "texto_original": "http://sapl.cambara.pr.leg.br/media/./sapl/public/materialegislativa/2017/3787/3787_texto_integral.pdf", "ementa": "DEPUTADO ESTADUAL COBRA REPORTER KOMBI DIVINA PROVIDENCIA"}, {"id": "3792", "ano": "2017", "numero": "311", "tipo__sigla": "IND", "tipo__descricao": "Indica\u00e7\u00e3o", "autoria": "Angelo Raia (Zoinho), Rog\u00e9rinho do Karat\u00ea", "texto_original": "http://sapl.cambara.pr.leg.br/media/./sapl/public/materialegislativa/2017/3792/3792_texto_integral.pdf", "ementa": "AREA DE LAZER CONJUNTO IRM\u00c3 PAULINA"}, {"id": "3793", "ano": "2017", "numero": "312", "tipo__sigla": "IND", "tipo__descricao": "Indica\u00e7\u00e3o", "autoria": "Gil dos Anjos, Walcir Joaquim", "texto_original": "http://sapl.cambara.pr.leg.br/media/./sapl/public/materialegislativa/2017/3793/3793_texto_integral.pdf", "ementa": "PONTE PARQUE ALAMBARI"}, {"id": "3794", "ano": "2017", "numero": "313", "tipo__sigla": "IND", "tipo__descricao": "Indica\u00e7\u00e3o", "autoria": "Jair Antonio da Silva", "texto_original": "http://sapl.cambara.pr.leg.br/media/./sapl/public/materialegislativa/2017/3794/3794_texto_integral.pdf", "ementa": "ESTACIONAMENTO DIAGONAL"}, {"id": "3796", "ano": "2017", "numero": "314", "tipo__sigla": "IND", "tipo__descricao": "Indica\u00e7\u00e3o", "autoria": "Rog\u00e9rinho do Karat\u00ea", "texto_original": "http://sapl.cambara.pr.leg.br/media/./sapl/public/materialegislativa/2017/3796/3796_texto_integral.pdf", "ementa": "CURSOS GARIS"}, {"id": "3797", "ano": "2017", "numero": "315", "tipo__sigla": "IND", "tipo__descricao": "Indica\u00e7\u00e3o", "autoria": "Rog\u00e9rinho do Karat\u00ea", "texto_original": "http://sapl.cambara.pr.leg.br/media/./sapl/public/materialegislativa/2017/3797/3797_texto_integral.pdf", "ementa": "REITERA\u00c7\u00c3O 244 EPI GARI"}, {"id": "3798", "ano": "2017", "numero": "316", "tipo__sigla": "IND", "tipo__descricao": "Indica\u00e7\u00e3o", "autoria": "Gil dos Anjos, M\u00e1rcio Albertini, Walcir Joaquim", "texto_original": "http://sapl.cambara.pr.leg.br/media/./sapl/public/materialegislativa/2017/3798/3798_texto_integral.pdf", "ementa": "ALCEU VEZOZZO BANHEIRO PRA\u00c7A"}, {"id": "3799", "ano": "2017", "numero": "317", "tipo__sigla": "IND", "tipo__descricao": "Indica\u00e7\u00e3o", "autoria": "Gil dos Anjos, M\u00e1rcio Albertini, Walcir Joaquim", "texto_original": "http://sapl.cambara.pr.leg.br/media/./sapl/public/materialegislativa/2017/3799/3799_texto_integral.pdf", "ementa": "MELHORIAS DESFILE"}, {"id": "3800", "ano": "2017", "numero": "318", "tipo__sigla": "IND", "tipo__descricao": "Indica\u00e7\u00e3o", "autoria": "Gil dos Anjos, Cris Liga, M\u00e1rcio Albertini, Walcir Joaquim", "texto_original": "http://sapl.cambara.pr.leg.br/media/./sapl/public/materialegislativa/2017/3800/3800_texto_integral.pdf", "ementa": "REAJUSTE INATIVOS COMISSIONADOS E PROFESSORES"}, {"id": "3812", "ano": "2017", "numero": "319", "tipo__sigla": "IND", "tipo__descricao": "Indica\u00e7\u00e3o", "autoria": "Angelo Raia (Zoinho)", "texto_original": "http://sapl.cambara.pr.leg.br/media/./sapl/public/materialegislativa/2017/3812/3812_texto_integral.pdf", "ementa": "SEDU PROGRAMA MEU CAMPINHO"}, {"id": "3813", "ano": "2017", "numero": "320", "tipo__sigla": "IND", "tipo__descricao": "Indica\u00e7\u00e3o", "autoria": "Angelo Raia (Zoinho)", "texto_original": "http://sapl.cambara.pr.leg.br/media/./sapl/public/materialegislativa/2017/3813/3813_texto_integral.pdf", "ementa": "URBANIZA\u00c7\u00c3O DE CANTEIRO CONJ IGNEZ PANICHI"}, {"id": "3814", "ano": "2017", "numero": "321", "tipo__sigla": "IND", "tipo__descricao": "Indica\u00e7\u00e3o", "autoria": "Gil dos Anjos, Angelo Raia (Zoinho), M\u00e1rcio Albertini, Tetinha, Walcir Joaquim", "texto_original": "http://sapl.cambara.pr.leg.br/media/./sapl/public/materialegislativa/2017/3814/3814_texto_integral.pdf", "ementa": "PROCON REAJUSTE"}, {"id": "3815", "ano": "2017", "numero": "322", "tipo__sigla": "IND", "tipo__descricao": "Indica\u00e7\u00e3o", "autoria": "Gil dos Anjos, Angelo Raia (Zoinho)", "texto_original": "http://sapl.cambara.pr.leg.br/media/./sapl/public/materialegislativa/2017/3815/3815_texto_integral.pdf", "ementa": "REATIVA\u00c7\u00c3O GUARDA MIRIM"}, {"id": "3816", "ano": "2017", "numero": "323", "tipo__sigla": "IND", "tipo__descricao": "Indica\u00e7\u00e3o", "autoria": "Angelo Raia (Zoinho)", "texto_original": "http://sapl.cambara.pr.leg.br/media/./sapl/public/materialegislativa/2017/3816/3816_texto_integral.pdf", "ementa": "DEPUTADO FEDERAL OSMAL BERTOLDI AMBUL\u00c2NCIA"}, {"id": "3817", "ano": "2017", "numero": "324", "tipo__sigla": "IND", "tipo__descricao": "Indica\u00e7\u00e3o", "autoria": "Raffaello Frascati", "texto_original": "http://sapl.cambara.pr.leg.br/media/./sapl/public/materialegislativa/2017/3817/3817_texto_integral.pdf", "ementa": "REITERA\u00c7\u00c3O 085 BEBEDOURO PARQUE ALAMBARI"}, {"id": "3818", "ano": "2017", "numero": "325", "tipo__sigla": "IND", "tipo__descricao": "Indica\u00e7\u00e3o", "autoria": "Raffaello Frascati", "texto_original": "http://sapl.cambara.pr.leg.br/media/./sapl/public/materialegislativa/2017/3818/3818_texto_integral.pdf", "ementa": "REITERA\u00c7\u00c3O 166 MELHORIAS ESCOLA MUN. IGNEZ PANICHI"}, {"id": "3819", "ano": "2017", "numero": "326", "tipo__sigla": "IND", "tipo__descricao": "Indica\u00e7\u00e3o", "autoria": "Raffaello Frascati", "texto_original": "http://sapl.cambara.pr.leg.br/media/./sapl/public/materialegislativa/2017/3819/3819_texto_integral.pdf", "ementa": "REITERA\u00c7\u00c3O 210 RECAPEAMENTO ASFALTICO RUA JO\u00c3O MISCHIATTI"}, {"id": "3820", "ano": "2017", "numero": "327", "tipo__sigla": "IND", "tipo__descricao": "Indica\u00e7\u00e3o", "autoria": "Raffaello Frascati", "texto_original": "http://sapl.cambara.pr.leg.br/media/./sapl/public/materialegislativa/2017/3820/3820_texto_integral.pdf", "ementa": "REITERA\u00c7\u00c3O 238 CAPTA\u00c7\u00c3O DE \u00c1GUA RUA OSVALDO CRUZ"}, {"id": "3821", "ano": "2017", "numero": "328", "tipo__sigla": "IND", "tipo__descricao": "Indica\u00e7\u00e3o", "autoria": "Raffaello Frascati", "texto_original": "http://sapl.cambara.pr.leg.br/media/./sapl/public/materialegislativa/2017/3821/3821_texto_integral.pdf", "ementa": "REITERA\u00c7\u00c3O 240 BOCAS DE LOBO RUA CANDIDO CALZADO"}, {"id": "3822", "ano": "2017", "numero": "329", "tipo__sigla": "IND", "tipo__descricao": "Indica\u00e7\u00e3o", "autoria": "Raffaello Frascati", "texto_original": "http://sapl.cambara.pr.leg.br/media/./sapl/public/materialegislativa/2017/3822/3822_texto_integral.pdf", "ementa": "REITERA\u00c7\u00c3O 252 EMPLACAMENTO JARDIM VITORIA CRIVARI"}, {"id": "3823", "ano": "2017", "numero": "330", "tipo__sigla": "IND", "tipo__descricao": "Indica\u00e7\u00e3o", "autoria": "M\u00e1rcio Albertini, Cris Liga, Gil dos Anjos, Walcir Joaquim", "texto_original": "http://sapl.cambara.pr.leg.br/media/./sapl/public/materialegislativa/2017/3823/3823_texto_integral.pdf", "ementa": "REITERA\u00c7\u00c3O 277 BOCAS DE LOBO E QUEBRA MOLAS RUA MINAS GERAIS"}, {"id": "3824", "ano": "2017", "numero": "331", "tipo__sigla": "IND", "tipo__descricao": "Indica\u00e7\u00e3o", "autoria": "Walcir Joaquim, Cris Liga, Gil dos Anjos, M\u00e1rcio Albertini", "texto_original": "http://sapl.cambara.pr.leg.br/media/./sapl/public/materialegislativa/2017/3824/3824_texto_integral.pdf", "ementa": "ENVIO DE PL DOS ESTUDANTES"}, {"id": "3825", "ano": "2017", "numero": "332", "tipo__sigla": "IND", "tipo__descricao": "Indica\u00e7\u00e3o", "autoria": "Walcir Joaquim, Cris Liga, Gil dos Anjos, M\u00e1rcio Albertini", "texto_original": "http://sapl.cambara.pr.leg.br/media/./sapl/public/materialegislativa/2017/3825/3825_texto_integral.pdf", "ementa": "DUODECIMO APAE"}, {"id": "3826", "ano": "2017", "numero": "333", "tipo__sigla": "IND", "tipo__descricao": "Indica\u00e7\u00e3o", "autoria": "Walcir Joaquim, Cris Liga, Gil dos Anjos, M\u00e1rcio Albertini", "texto_original": "http://sapl.cambara.pr.leg.br/media/./sapl/public/materialegislativa/2017/3826/3826_texto_integral.pdf", "ementa": "LOMBADA PEDESTRE"}, {"id": "3827", "ano": "2017", "numero": "334", "tipo__sigla": "IND", "tipo__descricao": "Indica\u00e7\u00e3o", "autoria": "Walcir Joaquim, Cris Liga, Gil dos Anjos, M\u00e1rcio Albertini", "texto_original": "http://sapl.cambara.pr.leg.br/media/./sapl/public/materialegislativa/2017/3827/3827_texto_integral.pdf", "ementa": "QUEBRA MOLAS"}, {"id": "3828", "ano": "2017", "numero": "335", "tipo__sigla": "IND", "tipo__descricao": "Indica\u00e7\u00e3o", "autoria": "Gil dos Anjos", "texto_original": "http://sapl.cambara.pr.leg.br/media/./sapl/public/materialegislativa/2017/3828/3828_texto_integral.pdf", "ementa": "QUEBRA-MOLAS AVENIDA ANT\u00d4NIO CASQUEL"}, {"id": "3829", "ano": "2017", "numero": "336", "tipo__sigla": "IND", "tipo__descricao": "Indica\u00e7\u00e3o", "autoria": "Gil dos Anjos", "texto_original": "http://sapl.cambara.pr.leg.br/media/./sapl/public/materialegislativa/2017/3829/3829_texto_integral.pdf", "ementa": "ESGOTO E LIMPEZA PARQUE GONZAGA"}, {"id": "3830", "ano": "2017", "numero": "337", "tipo__sigla": "IND", "tipo__descricao": "Indica\u00e7\u00e3o", "autoria": "Jair Antonio da Silva", "texto_original": "http://sapl.cambara.pr.leg.br/media/./sapl/public/materialegislativa/2017/3830/3830_texto_integral.pdf", "ementa": "CA\u00c7AMBA BAIRROS"}, {"id": "3831", "ano": "2017", "numero": "338", "tipo__sigla": "IND", "tipo__descricao": "Indica\u00e7\u00e3o", "autoria": "Jair Antonio da Silva", "texto_original": "http://sapl.cambara.pr.leg.br/media/./sapl/public/materialegislativa/2017/3831/3831_texto_integral.pdf", "ementa": "BANHEIRO M\u00d3DULO GM PRA\u00c7A"}, {"id": "3832", "ano": "2017", "numero": "339", "tipo__sigla": "IND", "tipo__descricao": "Indica\u00e7\u00e3o", "autoria": "Jair Antonio da Silva", "texto_original": "http://sapl.cambara.pr.leg.br/media/./sapl/public/materialegislativa/2017/3832/3832_texto_integral.pdf", "ementa": "SEC. SA\u00daDE FARM\u00c1CIA MUNICIPAL"}, {"id": "3833", "ano": "2017", "numero": "340", "tipo__sigla": "IND", "tipo__descricao": "Indica\u00e7\u00e3o", "autoria": "Jair Antonio da Silva", "texto_original": "http://sapl.cambara.pr.leg.br/media/./sapl/public/materialegislativa/2017/3833/3833_texto_integral.pdf", "ementa": "PO\u00c7O ARTESIANO CONJ IGNEZ PANICHI"}, {"id": "3834", "ano": "2017", "numero": "341", "tipo__sigla": "IND", "tipo__descricao": "Indica\u00e7\u00e3o", "autoria": "Jair Antonio da Silva", "texto_original": "http://sapl.cambara.pr.leg.br/media/./sapl/public/materialegislativa/2017/3834/3834_texto_integral.pdf", "ementa": "PROGRAMA MEU CAMPINHO CONJ. IGNEZ PANICHI"}, {"id": "3835", "ano": "2017", "numero": "342", "tipo__sigla": "IND", "tipo__descricao": "Indica\u00e7\u00e3o", "autoria": "Jair Antonio da Silva", "texto_original": "http://sapl.cambara.pr.leg.br/media/./sapl/public/materialegislativa/2017/3835/3835_texto_integral.pdf", "ementa": "GALERIAS DE AGUA JARDIM NOVA AM\u00c9RICA"}, {"id": "3836", "ano": "2017", "numero": "343", "tipo__sigla": "IND", "tipo__descricao": "Indica\u00e7\u00e3o", "autoria": "Jair Antonio da Silva", "texto_original": "http://sapl.cambara.pr.leg.br/media/./sapl/public/materialegislativa/2017/3836/3836_texto_integral.pdf", "ementa": "TAPA BURACOS BAIRRO AGUA DOS COQUEIROS"}, {"id": "3837", "ano": "2017", "numero": "344", "tipo__sigla": "IND", "tipo__descricao": "Indica\u00e7\u00e3o", "autoria": "Jair Antonio da Silva", "texto_original": "http://sapl.cambara.pr.leg.br/media/./sapl/public/materialegislativa/2017/3837/3837_texto_integral.pdf", "ementa": "ACADEMIA 3\u00aa IDADE CONJ. LAZER"}, {"id": "3838", "ano": "2017", "numero": "345", "tipo__sigla": "IND", "tipo__descricao": "Indica\u00e7\u00e3o", "autoria": "Jair Antonio da Silva", "texto_original": "http://sapl.cambara.pr.leg.br/media/./sapl/public/materialegislativa/2017/3838/3838_texto_integral.pdf", "ementa": "PORTAL NOMENCLATURA BAIRROS"}, {"id": "3839", "ano": "2017", "numero": "346", "tipo__sigla": "IND", "tipo__descricao": "Indica\u00e7\u00e3o", "autoria": "Tetinha", "texto_original": "http://sapl.cambara.pr.leg.br/media/./sapl/public/materialegislativa/2017/3839/3839_texto_integral.pdf", "ementa": "PINTURAS HORIZONTAIS"}, {"id": "3840", "ano": "2017", "numero": "347", "tipo__sigla": "IND", "tipo__descricao": "Indica\u00e7\u00e3o", "autoria": "Angelo Raia (Zoinho)", "texto_original": "http://sapl.cambara.pr.leg.br/media/./sapl/public/materialegislativa/2017/3840/3840_texto_integral.pdf", "ementa": "ECONORTE QUEBRA-MOLAS BR369"}, {"id": "3841", "ano": "2017", "numero": "348", "tipo__sigla": "IND", "tipo__descricao": "Indica\u00e7\u00e3o", "autoria": "Gil dos Anjos", "texto_original": "http://sapl.cambara.pr.leg.br/media/./sapl/public/materialegislativa/2017/3841/3841_texto_integral.pdf", "ementa": "MELHORIAS RECICLAM"}, {"id": "3842", "ano": "2017", "numero": "349", "tipo__sigla": "IND", "tipo__descricao": "Indica\u00e7\u00e3o", "autoria": "Gil dos Anjos", "texto_original": "http://sapl.cambara.pr.leg.br/media/./sapl/public/materialegislativa/2017/3842/3842_texto_integral.pdf", "ementa": "DEP. FEDERAL NELSON PADOVANI MICROBACIAS"}, {"id": "3843", "ano": "2017", "numero": "350", "tipo__sigla": "IND", "tipo__descricao": "Indica\u00e7\u00e3o", "autoria": "Gil dos Anjos", "texto_original": "http://sapl.cambara.pr.leg.br/media/./sapl/public/materialegislativa/2017/3843/3843_texto_integral.pdf", "ementa": "LIBERA\u00c7\u00c3O CONJUNTOS"}, {"id": "3844", "ano": "2017", "numero": "351", "tipo__sigla": "IND", "tipo__descricao": "Indica\u00e7\u00e3o", "autoria": "M\u00e1rcio Albertini", "texto_original": "http://sapl.cambara.pr.leg.br/media/./sapl/public/materialegislativa/2017/3844/3844_texto_integral.pdf", "ementa": "REITERA\u00c7\u00c3O 276 REITERA\u00c7\u00c3O 027 MELHORIAS CEMIT\u00c9RIO"}, {"id": "3845", "ano": "2017", "numero": "352", "tipo__sigla": "IND", "tipo__descricao": "Indica\u00e7\u00e3o", "autoria": "Jair Antonio da Silva", "texto_original": "http://sapl.cambara.pr.leg.br/media/./sapl/public/materialegislativa/2017/3845/3845_texto_integral.pdf", "ementa": "MEIO-FIO RUA JO\u00c3O MISCHIATTI"}, {"id": "3846", "ano": "2017", "numero": "353", "tipo__sigla": "IND", "tipo__descricao": "Indica\u00e7\u00e3o", "autoria": "Jair Antonio da Silva", "texto_original": "http://sapl.cambara.pr.leg.br/media/./sapl/public/materialegislativa/2017/3846/3846_texto_integral.pdf", "ementa": "AVENIDA RUA JO\u00c3O MISCHIATTI"}, {"id": "3847", "ano": "2017", "numero": "354", "tipo__sigla": "IND", "tipo__descricao": "Indica\u00e7\u00e3o", "autoria": "Walcir Joaquim, Gil dos Anjos, M\u00e1rcio Albertini", "texto_original": "http://sapl.cambara.pr.leg.br/media/./sapl/public/materialegislativa/2017/3847/3847_texto_integral.pdf", "ementa": "REITERA\u00c7\u00c3O 226 MANUTEN\u00c7\u00c3O SAMU"}, {"id": "3850", "ano": "2017", "numero": "355", "tipo__sigla": "IND", "tipo__descricao": "Indica\u00e7\u00e3o", "autoria": "Gil dos Anjos, Cris Liga, M\u00e1rcio Albertini, Walcir Joaquim", "texto_original": "http://sapl.cambara.pr.leg.br/media/./sapl/public/materialegislativa/2017/3850/3850_texto_integral.pdf", "ementa": "SISTEMA GPS AGR\u00cdCOLA"}, {"id": "3851", "ano": "2017", "numero": "356", "tipo__sigla": "IND", "tipo__descricao": "Indica\u00e7\u00e3o", "autoria": "Tetinha, Angelo Raia (Zoinho), Cris Liga, Jair Antonio da Silva, Raffaello Frascati, Rog\u00e9rinho do Karat\u00ea", "texto_original": "http://sapl.cambara.pr.leg.br/media/./sapl/public/materialegislativa/2017/3851/3851_texto_integral.pdf", "ementa": "FISIOTERAPEUTA POSTO DE SA\u00daDE"}, {"id": "3852", "ano": "2017", "numero": "357", "tipo__sigla": "IND", "tipo__descricao": "Indica\u00e7\u00e3o", "autoria": "Tetinha, Raffaello Frascati", "texto_original": "http://sapl.cambara.pr.leg.br/media/./sapl/public/materialegislativa/2017/3852/3852_texto_integral.pdf", "ementa": "GOVERNO DO ESTADO EMENDA RECAPE"}, {"id": "3853", "ano": "2017", "numero": "358", "tipo__sigla": "IND", "tipo__descricao": "Indica\u00e7\u00e3o", "autoria": "Tetinha, Raffaello Frascati", "texto_original": "http://sapl.cambara.pr.leg.br/media/./sapl/public/materialegislativa/2017/3853/3853_texto_integral.pdf", "ementa": "CASA CIVIL EMENDA POSTO DE SA\u00daDE"}, {"id": "3854", "ano": "2017", "numero": "359", "tipo__sigla": "IND", "tipo__descricao": "Indica\u00e7\u00e3o", "autoria": "Tetinha, Raffaello Frascati", "texto_original": "http://sapl.cambara.pr.leg.br/media/./sapl/public/materialegislativa/2017/3854/3854_texto_integral.pdf", "ementa": "SEC. SA\u00daDE PRONTO SOCORRO"}, {"id": "3855", "ano": "2017", "numero": "360", "tipo__sigla": "IND", "tipo__descricao": "Indica\u00e7\u00e3o", "autoria": "Rog\u00e9rinho do Karat\u00ea, Angelo Raia (Zoinho)", "texto_original": "http://sapl.cambara.pr.leg.br/media/./sapl/public/materialegislativa/2017/3855/3855_texto_integral.pdf", "ementa": "ASFALTO CONJ IRM\u00c3 PAULINA"}, {"id": "3856", "ano": "2017", "numero": "361", "tipo__sigla": "IND", "tipo__descricao": "Indica\u00e7\u00e3o", "autoria": "Rog\u00e9rinho do Karat\u00ea, Angelo Raia (Zoinho)", "texto_original": "http://sapl.cambara.pr.leg.br/media/./sapl/public/materialegislativa/2017/3856/3856_texto_integral.pdf", "ementa": "PO\u00c7O ARTESIANO CONJ IRMA PAULINA"}, {"id": "3857", "ano": "2017", "numero": "362", "tipo__sigla": "IND", "tipo__descricao": "Indica\u00e7\u00e3o", "autoria": "Rog\u00e9rinho do Karat\u00ea, Angelo Raia (Zoinho)", "texto_original": "http://sapl.cambara.pr.leg.br/media/./sapl/public/materialegislativa/2017/3857/3857_texto_integral.pdf", "ementa": "REITERA\u00c7\u00c3O 311 AREA DE LAZER CONJUNTO IRM\u00c3 PAULINA"}, {"id": "3858", "ano": "2017", "numero": "363", "tipo__sigla": "IND", "tipo__descricao": "Indica\u00e7\u00e3o", "autoria": "Raffaello Frascati, Tetinha", "texto_original": "http://sapl.cambara.pr.leg.br/media/./sapl/public/materialegislativa/2017/3858/3858_texto_integral.pdf", "ementa": "SEC. ESTADUAL SA\u00daDE ITENS SA\u00daDE"}, {"id": "3859", "ano": "2017", "numero": "364", "tipo__sigla": "IND", "tipo__descricao": "Indica\u00e7\u00e3o", "autoria": "Walcir Joaquim, Gil dos Anjos, M\u00e1rcio Albertini", "texto_original": "http://sapl.cambara.pr.leg.br/media/./sapl/public/materialegislativa/2017/3859/3859_texto_integral.pdf", "ementa": "UPA CONJ IGNEZ PANICHI"}, {"id": "3860", "ano": "2017", "numero": "365", "tipo__sigla": "IND", "tipo__descricao": "Indica\u00e7\u00e3o", "autoria": "Gil dos Anjos, M\u00e1rcio Albertini, Walcir Joaquim", "texto_original": "http://sapl.cambara.pr.leg.br/media/./sapl/public/materialegislativa/2017/3860/3860_texto_integral.pdf", "ementa": "REITERA\u00c7\u00c3O 181 REVIS\u00c3O IPTU"}, {"id": "3864", "ano": "2017", "numero": "366", "tipo__sigla": "IND", "tipo__descricao": "Indica\u00e7\u00e3o", "autoria": "Walcir Joaquim, Gil dos Anjos, M\u00e1rcio Albertini", "texto_original": "http://sapl.cambara.pr.leg.br/media/./sapl/public/materialegislativa/2017/3864/3864_texto_integral.pdf", "ementa": "REITERA\u00c7\u00c3O_299_REVISAO_COSIP"}, {"id": "3865", "ano": "2017", "numero": "367", "tipo__sigla": "IND", "tipo__descricao": "Indica\u00e7\u00e3o", "autoria": "Walcir Joaquim, Cris Liga, Gil dos Anjos, M\u00e1rcio Albertini", "texto_original": "http://sapl.cambara.pr.leg.br/media/./sapl/public/materialegislativa/2017/3865/3865_texto_integral.pdf", "ementa": "DEFESA CIVIL MELHORIAS"}, {"id": "3866", "ano": "2017", "numero": "368", "tipo__sigla": "IND", "tipo__descricao": "Indica\u00e7\u00e3o", "autoria": "Gil dos Anjos", "texto_original": "http://sapl.cambara.pr.leg.br/media/./sapl/public/materialegislativa/2017/3866/3866_texto_integral.pdf", "ementa": "ILUMINA\u00c7\u00c3O PARQUE CONJUNTO IGNEZ PANICHI"}, {"id": "3867", "ano": "2017", "numero": "369", "tipo__sigla": "IND", "tipo__descricao": "Indica\u00e7\u00e3o", "autoria": "Walcir Joaquim, Cris Liga, Gil dos Anjos, M\u00e1rcio Albertini", "texto_original": "http://sapl.cambara.pr.leg.br/media/./sapl/public/materialegislativa/2017/3867/3867_texto_integral.pdf", "ementa": "LISTAGEM DE PACIENTES NO SITE"}, {"id": "3868", "ano": "2017", "numero": "370", "tipo__sigla": "IND", "tipo__descricao": "Indica\u00e7\u00e3o", "autoria": "Walcir Joaquim, Cris Liga, Gil dos Anjos, M\u00e1rcio Albertini", "texto_original": "http://sapl.cambara.pr.leg.br/media/./sapl/public/materialegislativa/2017/3868/3868_texto_integral.pdf", "ementa": "LAGOA GONZAGA"}, {"id": "3869", "ano": "2017", "numero": "371", "tipo__sigla": "IND", "tipo__descricao": "Indica\u00e7\u00e3o", "autoria": "M\u00e1rcio Albertini", "texto_original": "http://sapl.cambara.pr.leg.br/media/./sapl/public/materialegislativa/2017/3869/3869_texto_integral.pdf", "ementa": "REITERA\u00c7\u00c3O 026 E 190 CORRE\u00c7\u00c3O REDE DE ENERGIA_YOKI"}, {"id": "3870", "ano": "2017", "numero": "372", "tipo__sigla": "IND", "tipo__descricao": "Indica\u00e7\u00e3o", "autoria": "", "texto_original": "http://sapl.cambara.pr.leg.br/media/./sapl/public/materialegislativa/2017/3870/3870_texto_integral.pdf", "ementa": "REITERA\u00c7\u00c3O 277 E 330 BOCAS DE LOBO E QUEBRA MOLAS RUA MINAS GERAIS"}, {"id": "3881", "ano": "2017", "numero": "373", "tipo__sigla": "IND", "tipo__descricao": "Indica\u00e7\u00e3o", "autoria": "Gil dos Anjos", "texto_original": "http://sapl.cambara.pr.leg.br/media/./sapl/public/materialegislativa/2017/3881/3881_texto_integral.pdf", "ementa": "MELHORIAS ESTRADAS RURAIS"}, {"id": "3882", "ano": "2017", "numero": "374", "tipo__sigla": "IND", "tipo__descricao": "Indica\u00e7\u00e3o", "autoria": "Gil dos Anjos", "texto_original": "http://sapl.cambara.pr.leg.br/media/./sapl/public/materialegislativa/2017/3882/3882_texto_integral.pdf", "ementa": "REITERA\u00c7\u00c3O 083 ANTENA TV"}, {"id": "3883", "ano": "2017", "numero": "375", "tipo__sigla": "IND", "tipo__descricao": "Indica\u00e7\u00e3o", "autoria": "Walcir Joaquim, Cris Liga, Gil dos Anjos, M\u00e1rcio Albertini", "texto_original": "http://sapl.cambara.pr.leg.br/media/./sapl/public/materialegislativa/2017/3883/3883_texto_integral.pdf", "ementa": "MELHORIAS JARDIM NOVA AM\u00c9RICA"}, {"id": "3884", "ano": "2017", "numero": "376", "tipo__sigla": "IND", "tipo__descricao": "Indica\u00e7\u00e3o", "autoria": "Gil dos Anjos", "texto_original": "http://sapl.cambara.pr.leg.br/media/./sapl/public/materialegislativa/2017/3884/3884_texto_integral.pdf", "ementa": "REITERA\u00c7\u00c3O 032 EQUIPARA\u00c7\u00c3O SALARIAL CONSELHO TUTELAR"}, {"id": "3885", "ano": "2017", "numero": "377", "tipo__sigla": "IND", "tipo__descricao": "Indica\u00e7\u00e3o", "autoria": "Gil dos Anjos, M\u00e1rcio Albertini, Walcir Joaquim", "texto_original": "http://sapl.cambara.pr.leg.br/media/./sapl/public/materialegislativa/2017/3885/3885_texto_integral.pdf", "ementa": "REITERA\u00c7\u00c3O 119 TRANSPOSI\u00c7\u00c3O DE REGIME"}, {"id": "3886", "ano": "2017", "numero": "378", "tipo__sigla": "IND", "tipo__descricao": "Indica\u00e7\u00e3o", "autoria": "Rog\u00e9rinho do Karat\u00ea", "texto_original": "http://sapl.cambara.pr.leg.br/media/./sapl/public/materialegislativa/2017/3886/3886_texto_integral.pdf", "ementa": "ECONORTE - SINALIZA\u00c7\u00c3O"}, {"id": "3887", "ano": "2017", "numero": "379", "tipo__sigla": "IND", "tipo__descricao": "Indica\u00e7\u00e3o", "autoria": "Rog\u00e9rinho do Karat\u00ea, Angelo Raia (Zoinho), Cris Liga, Jair Antonio da Silva, Raffaello Frascati, Tetinha", "texto_original": "http://sapl.cambara.pr.leg.br/media/./sapl/public/materialegislativa/2017/3887/3887_texto_integral.pdf", "ementa": "PRA\u00c7A CONJ. BERGAMASCHI"}, {"id": "3889", "ano": "2017", "numero": "380", "tipo__sigla": "IND", "tipo__descricao": "Indica\u00e7\u00e3o", "autoria": "Rog\u00e9rinho do Karat\u00ea", "texto_original": "http://sapl.cambara.pr.leg.br/media/./sapl/public/materialegislativa/2017/3889/3889_texto_integral.pdf", "ementa": "PRIORIDADE MAMOGRAFIA"}, {"id": "3890", "ano": "2017", "numero": "381", "tipo__sigla": "IND", "tipo__descricao": "Indica\u00e7\u00e3o", "autoria": "Gil dos Anjos", "texto_original": "http://sapl.cambara.pr.leg.br/media/./sapl/public/materialegislativa/2017/3890/3890_texto_integral.pdf", "ementa": "QUEBRA-MOLAS RUA HERMINIO HAGGI"}, {"id": "3891", "ano": "2017", "numero": "382", "tipo__sigla": "IND", "tipo__descricao": "Indica\u00e7\u00e3o", "autoria": "Gil dos Anjos", "texto_original": "http://sapl.cambara.pr.leg.br/media/./sapl/public/materialegislativa/2017/3891/3891_texto_integral.pdf", "ementa": "DEP. FEDERAL NELSON PADOVANI SANTA CASA"}, {"id": "3892", "ano": "2017", "numero": "383", "tipo__sigla": "IND", "tipo__descricao": "Indica\u00e7\u00e3o", "autoria": "Gil dos Anjos", "texto_original": "http://sapl.cambara.pr.leg.br/media/./sapl/public/materialegislativa/2017/3892/3892_texto_integral.pdf", "ementa": "AUDI\u00caNCIA P\u00daBLICA SANEPAR"}, {"id": "3893", "ano": "2017", "numero": "384", "tipo__sigla": "IND", "tipo__descricao": "Indica\u00e7\u00e3o", "autoria": "Gil dos Anjos, M\u00e1rcio Albertini, Walcir Joaquim", "texto_original": "http://sapl.cambara.pr.leg.br/media/./sapl/public/materialegislativa/2017/3893/3893_texto_integral.pdf", "ementa": "REITERA\u00c7\u00c3O 366 E 365 REITERA\u00c7\u00c3O 181 REVIS\u00c3O IPTU E COSIP"}, {"id": "3894", "ano": "2017", "numero": "385", "tipo__sigla": "IND", "tipo__descricao": "Indica\u00e7\u00e3o", "autoria": "Rog\u00e9rinho do Karat\u00ea", "texto_original": "http://sapl.cambara.pr.leg.br/media/./sapl/public/materialegislativa/2017/3894/3894_texto_integral.pdf", "ementa": "FAIXA LIVRE ESTACIONAMENTO CASA DE VEL\u00d3RIO"}, {"id": "3895", "ano": "2017", "numero": "386", "tipo__sigla": "IND", "tipo__descricao": "Indica\u00e7\u00e3o", "autoria": "Rog\u00e9rinho do Karat\u00ea", "texto_original": "http://sapl.cambara.pr.leg.br/media/./sapl/public/materialegislativa/2017/3895/3895_texto_integral.pdf", "ementa": "MEIO FIO E EMPLACAMENTO CONJ BERGAMASCHI"}, {"id": "3896", "ano": "2017", "numero": "387", "tipo__sigla": "IND", "tipo__descricao": "Indica\u00e7\u00e3o", "autoria": "Gil dos Anjos, M\u00e1rcio Albertini, Walcir Joaquim", "texto_original": "http://sapl.cambara.pr.leg.br/media/./sapl/public/materialegislativa/2017/3896/3896_texto_integral.pdf", "ementa": "LICITA\u00c7\u00c3O PASSAGEM"}, {"id": "3897", "ano": "2017", "numero": "388", "tipo__sigla": "IND", "tipo__descricao": "Indica\u00e7\u00e3o", "autoria": "Gil dos Anjos, M\u00e1rcio Albertini, Walcir Joaquim", "texto_original": "http://sapl.cambara.pr.leg.br/media/./sapl/public/materialegislativa/2017/3897/3897_texto_integral.pdf", "ementa": "EDITAL PROGRESS\u00c3O E PROMO\u00c7\u00c3O PLANO DE CARREIRA"}, {"id": "3898", "ano": "2017", "numero": "389", "tipo__sigla": "IND", "tipo__descricao": "Indica\u00e7\u00e3o", "autoria": "Gil dos Anjos, M\u00e1rcio Albertini, Walcir Joaquim", "texto_original": "http://sapl.cambara.pr.leg.br/media/./sapl/public/materialegislativa/2017/3898/3898_texto_integral.pdf", "ementa": "PINTURA QUEBRA-MOLAS E SINALIZA\u00c7\u00c3O"}, {"id": "3899", "ano": "2017", "numero": "390", "tipo__sigla": "IND", "tipo__descricao": "Indica\u00e7\u00e3o", "autoria": "Gil dos Anjos, M\u00e1rcio Albertini, Walcir Joaquim", "texto_original": "http://sapl.cambara.pr.leg.br/media/./sapl/public/materialegislativa/2017/3899/3899_texto_integral.pdf", "ementa": "MELHORIAS PARQUE ALAMBARI II"}, {"id": "3900", "ano": "2017", "numero": "391", "tipo__sigla": "IND", "tipo__descricao": "Indica\u00e7\u00e3o", "autoria": "Gil dos Anjos, M\u00e1rcio Albertini, Walcir Joaquim", "texto_original": "http://sapl.cambara.pr.leg.br/media/./sapl/public/materialegislativa/2017/3900/3900_texto_integral.pdf", "ementa": "REITERA\u00c7\u00c3O 260 REPAROS ASFALTO RUA 21 DE OUTUBRO"}, {"id": "3901", "ano": "2017", "numero": "392", "tipo__sigla": "IND", "tipo__descricao": "Indica\u00e7\u00e3o", "autoria": "Gil dos Anjos, M\u00e1rcio Albertini, Walcir Joaquim", "texto_original": "http://sapl.cambara.pr.leg.br/media/./sapl/public/materialegislativa/2017/3901/3901_texto_integral.pdf", "ementa": "PLACA DE SINALIZA\u00c7\u00c3O SENTIDO JACAREZINHO"}, {"id": "3902", "ano": "2017", "numero": "393", "tipo__sigla": "IND", "tipo__descricao": "Indica\u00e7\u00e3o", "autoria": "Gil dos Anjos, M\u00e1rcio Albertini, Walcir Joaquim", "texto_original": "http://sapl.cambara.pr.leg.br/media/./sapl/public/materialegislativa/2017/3902/3902_texto_integral.pdf", "ementa": "REITERA\u00c7\u00c3O 258 AREA DE LAZER CONJ. S\u00c3O JOS\u00c9 II"}, {"id": "3903", "ano": "2017", "numero": "394", "tipo__sigla": "IND", "tipo__descricao": "Indica\u00e7\u00e3o", "autoria": "Gil dos Anjos, M\u00e1rcio Albertini, Walcir Joaquim", "texto_original": "http://sapl.cambara.pr.leg.br/media/./sapl/public/materialegislativa/2017/3903/3903_texto_integral.pdf", "ementa": "CAF\u00c9 NO BARRAC\u00c3O"}, {"id": "3904", "ano": "2017", "numero": "395", "tipo__sigla": "IND", "tipo__descricao": "Indica\u00e7\u00e3o", "autoria": "Gil dos Anjos, M\u00e1rcio Albertini, Walcir Joaquim", "texto_original": "http://sapl.cambara.pr.leg.br/media/./sapl/public/materialegislativa/2017/3904/3904_texto_integral.pdf", "ementa": "ASSISTENTE SOCIAL INDIGENTES"}, {"id": "3907", "ano": "2017", "numero": "396", "tipo__sigla": "IND", "tipo__descricao": "Indica\u00e7\u00e3o", "autoria": "Tetinha, Angelo Raia (Zoinho), Jair Antonio da Silva, Raffaello Frascati, Rog\u00e9rinho do Karat\u00ea", "texto_original": "http://sapl.cambara.pr.leg.br/media/./sapl/public/materialegislativa/2017/3907/3907_texto_integral.pdf", "ementa": "GOVERNO DO ESTADO EMENDA CENTRO DE ESPECIALIDADE"}, {"id": "3908", "ano": "2017", "numero": "397", "tipo__sigla": "IND", "tipo__descricao": "Indica\u00e7\u00e3o", "autoria": "Gil dos Anjos, M\u00e1rcio Albertini, Walcir Joaquim", "texto_original": "http://sapl.cambara.pr.leg.br/media/./sapl/public/materialegislativa/2017/3908/3908_texto_integral.pdf", "ementa": "RECAPEAMENTO AVENIDA AIRTON SENNA"}, {"id": "3909", "ano": "2017", "numero": "398", "tipo__sigla": "IND", "tipo__descricao": "Indica\u00e7\u00e3o", "autoria": "Gil dos Anjos, M\u00e1rcio Albertini, Walcir Joaquim", "texto_original": "http://sapl.cambara.pr.leg.br/media/./sapl/public/materialegislativa/2017/3909/3909_texto_integral.pdf", "ementa": "CENTRO DE ESPECIALIDADE"}, {"id": "3910", "ano": "2017", "numero": "399", "tipo__sigla": "IND", "tipo__descricao": "Indica\u00e7\u00e3o", "autoria": "Angelo Raia (Zoinho)", "texto_original": "http://sapl.cambara.pr.leg.br/media/./sapl/public/materialegislativa/2017/3910/3910_texto_integral.pdf", "ementa": "PL PEDIATRA POSTOS DE SA\u00daDE"}, {"id": "3911", "ano": "2017", "numero": "400", "tipo__sigla": "IND", "tipo__descricao": "Indica\u00e7\u00e3o", "autoria": "Angelo Raia (Zoinho)", "texto_original": "http://sapl.cambara.pr.leg.br/media/./sapl/public/materialegislativa/2017/3911/3911_texto_integral.pdf", "ementa": "PL DESCONTO IPTU ADO\u00c7\u00c3O DE ANIMAIS"}, {"id": "3912", "ano": "2017", "numero": "401", "tipo__sigla": "IND", "tipo__descricao": "Indica\u00e7\u00e3o", "autoria": "Gil dos Anjos, M\u00e1rcio Albertini, Walcir Joaquim", "texto_original": "http://sapl.cambara.pr.leg.br/media/./sapl/public/materialegislativa/2017/3912/3912_texto_integral.pdf", "ementa": "DOA\u00c7\u00c3O CASA POPULAR AREA DE RISCO"}, {"id": "3913", "ano": "2017", "numero": "402", "tipo__sigla": "IND", "tipo__descricao": "Indica\u00e7\u00e3o", "autoria": "Gil dos Anjos, M\u00e1rcio Albertini, Walcir Joaquim", "texto_original": "http://sapl.cambara.pr.leg.br/media/./sapl/public/materialegislativa/2017/3913/3913_texto_integral.pdf", "ementa": "DUODECIMO FAMILIAS ENCHENTE"}, {"id": "3914", "ano": "2017", "numero": "403", "tipo__sigla": "IND", "tipo__descricao": "Indica\u00e7\u00e3o", "autoria": "Gil dos Anjos, M\u00e1rcio Albertini, Walcir Joaquim", "texto_original": "http://sapl.cambara.pr.leg.br/media/./sapl/public/materialegislativa/2017/3914/3914_texto_integral.pdf", "ementa": "COPEL E SANEPAR ISEN\u00c7\u00c3O - ENCHENTE"}, {"id": "3915", "ano": "2017", "numero": "404", "tipo__sigla": "IND", "tipo__descricao": "Indica\u00e7\u00e3o", "autoria": "Gil dos Anjos, M\u00e1rcio Albertini, Walcir Joaquim", "texto_original": "http://sapl.cambara.pr.leg.br/media/./sapl/public/materialegislativa/2017/3915/3915_texto_integral.pdf", "ementa": "ISEN\u00c7\u00c3O ENCHENTE"}, {"id": "3921", "ano": "2017", "numero": "405", "tipo__sigla": "IND", "tipo__descricao": "Indica\u00e7\u00e3o", "autoria": "Gil dos Anjos, M\u00e1rcio Albertini, Walcir Joaquim", "texto_original": "http://sapl.cambara.pr.leg.br/media/./sapl/public/materialegislativa/2017/3921/3921_texto_integral.pdf", "ementa": "RUA AIRTON COSTA PINTO - TAPA BURACOS"}, {"id": "3922", "ano": "2017", "numero": "406", "tipo__sigla": "IND", "tipo__descricao": "Indica\u00e7\u00e3o", "autoria": "Gil dos Anjos, M\u00e1rcio Albertini, Walcir Joaquim", "texto_original": "http://sapl.cambara.pr.leg.br/media/./sapl/public/materialegislativa/2017/3922/3922_texto_integral.pdf", "ementa": "MONITORAMENTO C\u00c2MERAS SA\u00daDE"}, {"id": "3923", "ano": "2017", "numero": "407", "tipo__sigla": "IND", "tipo__descricao": "Indica\u00e7\u00e3o", "autoria": "Gil dos Anjos, M\u00e1rcio Albertini, Walcir Joaquim", "texto_original": "http://sapl.cambara.pr.leg.br/media/./sapl/public/materialegislativa/2017/3923/3923_texto_integral.pdf", "ementa": "MURO DE CONTEN\u00c7\u00c3O RIO ALAMBARI"}, {"id": "3924", "ano": "2017", "numero": "408", "tipo__sigla": "IND", "tipo__descricao": "Indica\u00e7\u00e3o", "autoria": "Gil dos Anjos, M\u00e1rcio Albertini, Walcir Joaquim", "texto_original": "http://sapl.cambara.pr.leg.br/media/./sapl/public/materialegislativa/2017/3924/3924_texto_integral.pdf", "ementa": "ECONORTE SA\u00cdDA DE \u00c1GUA"}, {"id": "3925", "ano": "2017", "numero": "409", "tipo__sigla": "IND", "tipo__descricao": "Indica\u00e7\u00e3o", "autoria": "Walcir Joaquim, Angelo Raia (Zoinho), Cris Liga, Gil dos Anjos, Jair Antonio da Silva, M\u00e1rcio Albertini, Raffaello Frascati, Rog\u00e9rinho do Karat\u00ea, Tetinha", "texto_original": "http://sapl.cambara.pr.leg.br/media/./sapl/public/materialegislativa/2017/3925/3925_texto_integral.pdf", "ementa": "COPEL E SANEPAR ISEN\u00c7\u00c3O ENCHENTE"}, {"id": "3926", "ano": "2017", "numero": "410", "tipo__sigla": "IND", "tipo__descricao": "Indica\u00e7\u00e3o", "autoria": "Walcir Joaquim, Angelo Raia (Zoinho), Cris Liga, Gil dos Anjos, Jair Antonio da Silva, M\u00e1rcio Albertini, Raffaello Frascati, Rog\u00e9rinho do Karat\u00ea, Tetinha", "texto_original": "http://sapl.cambara.pr.leg.br/media/./sapl/public/materialegislativa/2017/3926/3926_texto_integral.pdf", "ementa": "GOVERNO DO ESTADO COPEL E SANEPAR ISEN\u00c7\u00c3O ENCHENTE"}, {"id": "3927", "ano": "2017", "numero": "411", "tipo__sigla": "IND", "tipo__descricao": "Indica\u00e7\u00e3o", "autoria": "Jair Antonio da Silva", "texto_original": "http://sapl.cambara.pr.leg.br/media/./sapl/public/materialegislativa/2017/3927/3927_texto_integral.pdf", "ementa": "RECAPEAMENTO ASF\u00c1LTICO RUAS"}, {"id": "3928", "ano": "2017", "numero": "412", "tipo__sigla": "IND", "tipo__descricao": "Indica\u00e7\u00e3o", "autoria": "Walcir Joaquim, Gil dos Anjos, M\u00e1rcio Albertini", "texto_original": "http://sapl.cambara.pr.leg.br/media/./sapl/public/materialegislativa/2017/3928/3928_texto_integral.pdf", "ementa": "RECAPEAMENTO ASF\u00c1LTICO RUAS"}, {"id": "3929", "ano": "2017", "numero": "413", "tipo__sigla": "IND", "tipo__descricao": "Indica\u00e7\u00e3o", "autoria": "Walcir Joaquim, Gil dos Anjos, M\u00e1rcio Albertini", "texto_original": "http://sapl.cambara.pr.leg.br/media/./sapl/public/materialegislativa/2017/3929/3929_texto_integral.pdf", "ementa": "POSTE RUA CURITIBA"}, {"id": "3930", "ano": "2017", "numero": "414", "tipo__sigla": "IND", "tipo__descricao": "Indica\u00e7\u00e3o", "autoria": "Walcir Joaquim, Gil dos Anjos, M\u00e1rcio Albertini", "texto_original": "http://sapl.cambara.pr.leg.br/media/./sapl/public/materialegislativa/2017/3930/3930_texto_integral.pdf", "ementa": "ARVORES RUA OLIMPIO CRIVARI"}, {"id": "3934", "ano": "2017", "numero": "415", "tipo__sigla": "IND", "tipo__descricao": "Indica\u00e7\u00e3o", "autoria": "Walcir Joaquim, Gil dos Anjos, M\u00e1rcio Albertini", "texto_original": "http://sapl.cambara.pr.leg.br/media/./sapl/public/materialegislativa/2017/3934/3934_texto_integral.pdf", "ementa": "LIMPEZA BUEIROS E MEIO FIO RUA K - GONZAGA"}, {"id": "3935", "ano": "2017", "numero": "416", "tipo__sigla": "IND", "tipo__descricao": "Indica\u00e7\u00e3o", "autoria": "Walcir Joaquim, Gil dos Anjos, M\u00e1rcio Albertini", "texto_original": "http://sapl.cambara.pr.leg.br/media/./sapl/public/materialegislativa/2017/3935/3935_texto_integral.pdf", "ementa": "LAMPADAS AVENIDA TSUNETO MATSUBARA"}, {"id": "3936", "ano": "2017", "numero": "417", "tipo__sigla": "IND", "tipo__descricao": "Indica\u00e7\u00e3o", "autoria": "Gil dos Anjos, M\u00e1rcio Albertini, Walcir Joaquim", "texto_original": "http://sapl.cambara.pr.leg.br/media/./sapl/public/materialegislativa/2017/3936/3936_texto_integral.pdf", "ementa": "LIMPEZA RIO VILA SANTANA"}, {"id": "3937", "ano": "2017", "numero": "418", "tipo__sigla": "IND", "tipo__descricao": "Indica\u00e7\u00e3o", "autoria": "Rog\u00e9rinho do Karat\u00ea", "texto_original": "http://sapl.cambara.pr.leg.br/media/./sapl/public/materialegislativa/2017/3937/3937_texto_integral.pdf", "ementa": "C\u00c2MARA REUNI\u00c3O SANEPAR"}, {"id": "3938", "ano": "2017", "numero": "419", "tipo__sigla": "IND", "tipo__descricao": "Indica\u00e7\u00e3o", "autoria": "Rog\u00e9rinho do Karat\u00ea, Angelo Raia (Zoinho), Jair Antonio da Silva, Raffaello Frascati, Tetinha", "texto_original": "http://sapl.cambara.pr.leg.br/media/./sapl/public/materialegislativa/2017/3938/3938_texto_integral.pdf", "ementa": "ISEN\u00c7\u00c3O IPTU 2013"}, {"id": "3939", "ano": "2017", "numero": "420", "tipo__sigla": "IND", "tipo__descricao": "Indica\u00e7\u00e3o", "autoria": "Angelo Raia (Zoinho), Jair Antonio da Silva, Raffaello Frascati, Rog\u00e9rinho do Karat\u00ea, Tetinha", "texto_original": "http://sapl.cambara.pr.leg.br/media/./sapl/public/materialegislativa/2017/3939/3939_texto_integral.pdf", "ementa": "PARABENIZAR SEC. ESPORTES"}, {"id": "3941", "ano": "2017", "numero": "421", "tipo__sigla": "IND", "tipo__descricao": "Indica\u00e7\u00e3o", "autoria": "Tetinha, Angelo Raia (Zoinho), Jair Antonio da Silva, Raffaello Frascati, Rog\u00e9rinho do Karat\u00ea", "texto_original": "http://sapl.cambara.pr.leg.br/media/./sapl/public/materialegislativa/2017/3941/3941_texto_integral.pdf", "ementa": "MO\u00c7\u00c3O DE APOIO E SOLIDARIEDADE DEP. ROMANELLI"}, {"id": "3942", "ano": "2017", "numero": "422", "tipo__sigla": "IND", "tipo__descricao": "Indica\u00e7\u00e3o", "autoria": "Gil dos Anjos, M\u00e1rcio Albertini, Walcir Joaquim", "texto_original": "http://sapl.cambara.pr.leg.br/media/./sapl/public/materialegislativa/2017/3942/3942_texto_integral.pdf", "ementa": "QUEBRA-MOLAS RUA FRANCISCO FRANCICA"}, {"id": "3943", "ano": "2017", "numero": "423", "tipo__sigla": "IND", "tipo__descricao": "Indica\u00e7\u00e3o", "autoria": "Walcir Joaquim, Gil dos Anjos, M\u00e1rcio Albertini", "texto_original": "http://sapl.cambara.pr.leg.br/media/./sapl/public/materialegislativa/2017/3943/3943_texto_integral.pdf", "ementa": "AUDIENCIA P\u00daBLICA ENCHENTE"}, {"id": "3944", "ano": "2017", "numero": "424", "tipo__sigla": "IND", "tipo__descricao": "Indica\u00e7\u00e3o", "autoria": "Tetinha, Angelo Raia (Zoinho), Jair Antonio da Silva, Raffaello Frascati, Rog\u00e9rinho do Karat\u00ea", "texto_original": "http://sapl.cambara.pr.leg.br/media/./sapl/public/materialegislativa/2017/3944/3944_texto_integral.pdf", "ementa": "SENTIDO RUAS"}, {"id": "3945", "ano": "2017", "numero": "425", "tipo__sigla": "IND", "tipo__descricao": "Indica\u00e7\u00e3o", "autoria": "Gil dos Anjos, M\u00e1rcio Albertini, Walcir Joaquim", "texto_original": "http://sapl.cambara.pr.leg.br/media/./sapl/public/materialegislativa/2017/3945/3945_texto_integral.pdf", "ementa": "LIMPEZA BUEIROS RUA A GONZAGA"}, {"id": "3946", "ano": "2017", "numero": "426", "tipo__sigla": "IND", "tipo__descricao": "Indica\u00e7\u00e3o", "autoria": "Gil dos Anjos, M\u00e1rcio Albertini, Walcir Joaquim", "texto_original": "http://sapl.cambara.pr.leg.br/media/./sapl/public/materialegislativa/2017/3946/3946_texto_integral.pdf", "ementa": "REITERA\u00c7\u00c3O_009_LIMPEZA_LAGOS E RIOS"}, {"id": "3947", "ano": "2017", "numero": "427", "tipo__sigla": "IND", "tipo__descricao": "Indica\u00e7\u00e3o", "autoria": "Tetinha, Raffaello Frascati", "texto_original": "http://sapl.cambara.pr.leg.br/media/./sapl/public/materialegislativa/2017/3947/3947_texto_integral.pdf", "ementa": "SEC. ESTADUAL SA\u00daDE UTI M\u00d3VEL"}, {"id": "3948", "ano": "2017", "numero": "428", "tipo__sigla": "IND", "tipo__descricao": "Indica\u00e7\u00e3o", "autoria": "Tetinha, Raffaello Frascati", "texto_original": "http://sapl.cambara.pr.leg.br/media/./sapl/public/materialegislativa/2017/3948/3948_texto_integral.pdf", "ementa": "SEC. ESTADUAL SA\u00daDE R$300.000,00"}, {"id": "3949", "ano": "2017", "numero": "429", "tipo__sigla": "IND", "tipo__descricao": "Indica\u00e7\u00e3o", "autoria": "Tetinha, Raffaello Frascati", "texto_original": "http://sapl.cambara.pr.leg.br/media/./sapl/public/materialegislativa/2017/3949/3949_texto_integral.pdf", "ementa": "CHEFE DA CASA CIVIL REFORMA UBS CENTRO"}, {"id": "3950", "ano": "2017", "numero": "430", "tipo__sigla": "IND", "tipo__descricao": "Indica\u00e7\u00e3o", "autoria": "Tetinha, Raffaello Frascati", "texto_original": "http://sapl.cambara.pr.leg.br/media/./sapl/public/materialegislativa/2017/3950/3950_texto_integral.pdf", "ementa": "CHEFE DA CASA CIVIL EMULS\u00c3O ASFALTICA"}, {"id": "3955", "ano": "2017", "numero": "431", "tipo__sigla": "IND", "tipo__descricao": "Indica\u00e7\u00e3o", "autoria": "Walcir Joaquim, Cris Liga, Gil dos Anjos, M\u00e1rcio Albertini", "texto_original": "http://sapl.cambara.pr.leg.br/media/./sapl/public/materialegislativa/2017/3955/3955_texto_integral.pdf", "ementa": "DUODECIMO ENCHENTE"}, {"id": "3956", "ano": "2017", "numero": "432", "tipo__sigla": "IND", "tipo__descricao": "Indica\u00e7\u00e3o", "autoria": "Gil dos Anjos, M\u00e1rcio Albertini, Walcir Joaquim", "texto_original": "http://sapl.cambara.pr.leg.br/media/./sapl/public/materialegislativa/2017/3956/3956_texto_integral.pdf", "ementa": "MATERIAIS SERVIDORES INFRAESTRUTURA"}, {"id": "3957", "ano": "2017", "numero": "433", "tipo__sigla": "IND", "tipo__descricao": "Indica\u00e7\u00e3o", "autoria": "Gil dos Anjos, M\u00e1rcio Albertini, Walcir Joaquim", "texto_original": "http://sapl.cambara.pr.leg.br/media/./sapl/public/materialegislativa/2017/3957/3957_texto_integral.pdf", "ementa": "LIMPEZA BUEIROS RUA E - GONZAGA"}, {"id": "3958", "ano": "2017", "numero": "434", "tipo__sigla": "IND", "tipo__descricao": "Indica\u00e7\u00e3o", "autoria": "Gil dos Anjos, M\u00e1rcio Albertini, Walcir Joaquim", "texto_original": "http://sapl.cambara.pr.leg.br/media/./sapl/public/materialegislativa/2017/3958/3958_texto_integral.pdf", "ementa": "CONTRATA\u00c7\u00c3O ASSISTENTE SOCIAL"}, {"id": "3959", "ano": "2017", "numero": "435", "tipo__sigla": "IND", "tipo__descricao": "Indica\u00e7\u00e3o", "autoria": "Gil dos Anjos, M\u00e1rcio Albertini, Walcir Joaquim", "texto_original": "http://sapl.cambara.pr.leg.br/media/./sapl/public/materialegislativa/2017/3959/3959_texto_integral.pdf", "ementa": "CONTRATA\u00c7\u00c3O M\u00c9DICO"}, {"id": "3960", "ano": "2017", "numero": "436", "tipo__sigla": "IND", "tipo__descricao": "Indica\u00e7\u00e3o", "autoria": "Gil dos Anjos, M\u00e1rcio Albertini, Walcir Joaquim", "texto_original": "http://sapl.cambara.pr.leg.br/media/./sapl/public/materialegislativa/2017/3960/3960_texto_integral.pdf", "ementa": "EMPEDRAMENTO AGUA SUJA E CASA NOVA"}, {"id": "3961", "ano": "2017", "numero": "437", "tipo__sigla": "IND", "tipo__descricao": "Indica\u00e7\u00e3o", "autoria": "Gil dos Anjos, M\u00e1rcio Albertini, Walcir Joaquim", "texto_original": "http://sapl.cambara.pr.leg.br/media/./sapl/public/materialegislativa/2017/3961/3961_texto_integral.pdf", "ementa": "PONTE CONJ. OCTAVIO RODRIGUES"}, {"id": "3962", "ano": "2017", "numero": "438", "tipo__sigla": "IND", "tipo__descricao": "Indica\u00e7\u00e3o", "autoria": "Tetinha, Angelo Raia (Zoinho), Cris Liga, Jair Antonio da Silva, Raffaello Frascati, Rog\u00e9rinho do Karat\u00ea", "texto_original": "http://sapl.cambara.pr.leg.br/media/./sapl/public/materialegislativa/2017/3962/3962_texto_integral.pdf", "ementa": "LEI INDENIZA\u00c7\u00c3O FAMILIAS ENCHENTE"}, {"id": "3963", "ano": "2017", "numero": "439", "tipo__sigla": "IND", "tipo__descricao": "Indica\u00e7\u00e3o", "autoria": "Walcir Joaquim, Gil dos Anjos, M\u00e1rcio Albertini", "texto_original": "http://sapl.cambara.pr.leg.br/media/./sapl/public/materialegislativa/2017/3963/3963_texto_integral.pdf", "ementa": "AN\u00c1LISE DE FATOS PENA"}, {"id": "3964", "ano": "2017", "numero": "440", "tipo__sigla": "IND", "tipo__descricao": "Indica\u00e7\u00e3o", "autoria": "Gil dos Anjos, M\u00e1rcio Albertini, Walcir Joaquim", "texto_original": "http://sapl.cambara.pr.leg.br/media/./sapl/public/materialegislativa/2017/3964/3964_texto_integral.pdf", "ementa": "EMPEDRAMENTO VILA AURORA"}, {"id": "3965", "ano": "2017", "numero": "441", "tipo__sigla": "IND", "tipo__descricao": "Indica\u00e7\u00e3o", "autoria": "Walcir Joaquim, Gil dos Anjos, M\u00e1rcio Albertini", "texto_original": "http://sapl.cambara.pr.leg.br/media/./sapl/public/materialegislativa/2017/3965/3965_texto_integral.pdf", "ementa": "CORTE E PODA DE ARVORE"}, {"id": "3966", "ano": "2017", "numero": "442", "tipo__sigla": "IND", "tipo__descricao": "Indica\u00e7\u00e3o", "autoria": "Gil dos Anjos, M\u00e1rcio Albertini, Walcir Joaquim", "texto_original": "http://sapl.cambara.pr.leg.br/media/./sapl/public/materialegislativa/2017/3966/3966_texto_integral.pdf", "ementa": "CONTRATA\u00c7\u00c3O AGENTES COMUNIT\u00c1RIOS"}, {"id": "3967", "ano": "2017", "numero": "443", "tipo__sigla": "IND", "tipo__descricao": "Indica\u00e7\u00e3o", "autoria": "Gil dos Anjos, M\u00e1rcio Albertini, Walcir Joaquim", "texto_original": "http://sapl.cambara.pr.leg.br/media/./sapl/public/materialegislativa/2017/3967/3967_texto_integral.pdf", "ementa": "AMBULANCIA POSTO DE SA\u00daDE"}, {"id": "3968", "ano": "2017", "numero": "444", "tipo__sigla": "IND", "tipo__descricao": "Indica\u00e7\u00e3o", "autoria": "Gil dos Anjos, M\u00e1rcio Albertini, Walcir Joaquim", "texto_original": "http://sapl.cambara.pr.leg.br/media/./sapl/public/materialegislativa/2017/3968/3968_texto_integral.pdf", "ementa": "CAF\u00c9 DA MANH\u00c3 POSTOS DE SA\u00daDE"}, {"id": "3969", "ano": "2017", "numero": "445", "tipo__sigla": "IND", "tipo__descricao": "Indica\u00e7\u00e3o", "autoria": "Gil dos Anjos, M\u00e1rcio Albertini, Walcir Joaquim", "texto_original": "http://sapl.cambara.pr.leg.br/media/./sapl/public/materialegislativa/2017/3969/3969_texto_integral.pdf", "ementa": "MELHORIAS INFRAESTRUTURA"}, {"id": "3970", "ano": "2017", "numero": "446", "tipo__sigla": "IND", "tipo__descricao": "Indica\u00e7\u00e3o", "autoria": "Gil dos Anjos, M\u00e1rcio Albertini, Walcir Joaquim", "texto_original": "http://sapl.cambara.pr.leg.br/media/./sapl/public/materialegislativa/2017/3970/3970_texto_integral.pdf", "ementa": "ITENS POSTOS DE SA\u00daDE"}, {"id": "3971", "ano": "2017", "numero": "447", "tipo__sigla": "IND", "tipo__descricao": "Indica\u00e7\u00e3o", "autoria": "Gil dos Anjos, M\u00e1rcio Albertini, Walcir Joaquim", "texto_original": "http://sapl.cambara.pr.leg.br/media/./sapl/public/materialegislativa/2017/3971/3971_texto_integral.pdf", "ementa": "ALAMBRADO ESCOLA MUNICIPAL MARIA PAULINA"}, {"id": "3983", "ano": "2017", "numero": "448", "tipo__sigla": "IND", "tipo__descricao": "Indica\u00e7\u00e3o", "autoria": "Angelo Raia (Zoinho)", "texto_original": "http://sapl.cambara.pr.leg.br/media/./sapl/public/materialegislativa/2017/3983/3983_texto_integral.pdf", "ementa": "BANHEIRO PARQUES"}, {"id": "3984", "ano": "2017", "numero": "449", "tipo__sigla": "IND", "tipo__descricao": "Indica\u00e7\u00e3o", "autoria": "Walcir Joaquim, Gil dos Anjos, M\u00e1rcio Albertini", "texto_original": "http://sapl.cambara.pr.leg.br/media/./sapl/public/materialegislativa/2017/3984/3984_texto_integral.pdf", "ementa": "VE\u00cdCULO FAM\u00cdLIA DIVINA PROVID\u00caNCIA"}, {"id": "3985", "ano": "2017", "numero": "450", "tipo__sigla": "IND", "tipo__descricao": "Indica\u00e7\u00e3o", "autoria": "Walcir Joaquim, Gil dos Anjos, M\u00e1rcio Albertini", "texto_original": "http://sapl.cambara.pr.leg.br/media/./sapl/public/materialegislativa/2017/3985/3985_texto_integral.pdf", "ementa": "\u00c1RVORE SANTA CASA"}, {"id": "3987", "ano": "2017", "numero": "451", "tipo__sigla": "IND", "tipo__descricao": "Indica\u00e7\u00e3o", "autoria": "Walcir Joaquim, Gil dos Anjos, M\u00e1rcio Albertini", "texto_original": "http://sapl.cambara.pr.leg.br/media/./sapl/public/materialegislativa/2017/3987/3987_texto_integral.pdf", "ementa": "REITERA\u00c7\u00c3O 298 VALE ALIMENTA\u00c7\u00c3O"}, {"id": "3988", "ano": "2017", "numero": "452", "tipo__sigla": "IND", "tipo__descricao": "Indica\u00e7\u00e3o", "autoria": "Tetinha, Angelo Raia (Zoinho), Cris Liga, Jair Antonio da Silva, Raffaello Frascati, Rog\u00e9rinho do Karat\u00ea", "texto_original": "http://sapl.cambara.pr.leg.br/media/./sapl/public/materialegislativa/2017/3988/3988_texto_integral.pdf", "ementa": "SELOS DE SA\u00daDE"}, {"id": "3989", "ano": "2017", "numero": "453", "tipo__sigla": "IND", "tipo__descricao": "Indica\u00e7\u00e3o", "autoria": "Cris Liga", "texto_original": "http://sapl.cambara.pr.leg.br/media/./sapl/public/materialegislativa/2017/3989/3989_texto_integral.pdf", "ementa": "ECONORTE RADAR SEMAFORO"}, {"id": "3990", "ano": "2017", "numero": "454", "tipo__sigla": "IND", "tipo__descricao": "Indica\u00e7\u00e3o", "autoria": "Gil dos Anjos, M\u00e1rcio Albertini, Walcir Joaquim", "texto_original": "http://sapl.cambara.pr.leg.br/media/./sapl/public/materialegislativa/2017/3990/3990_texto_integral.pdf", "ementa": "DUODECIMO"}, {"id": "3916", "ano": "2017", "numero": "2", "tipo__sigla": "PDL", "tipo__descricao": "Projeto de Decreto Legislativo", "autoria": "Rog\u00e9rinho do Karat\u00ea", "texto_original": "http://sapl.cambara.pr.leg.br/media/./sapl/public/materialegislativa/2017/3916/3916_texto_integral.pdf", "ementa": "CONCEDE MO\u00c7\u00c3O DE APLAUSOS AO SENHOR JO\u00c3O ANT\u00d4NIO TINELLI."}, {"id": "3977", "ano": "2017", "numero": "3", "tipo__sigla": "PDL", "tipo__descricao": "Projeto de Decreto Legislativo", "autoria": "Angelo Raia (Zoinho)", "texto_original": "http://sapl.cambara.pr.leg.br/media/./sapl/public/materialegislativa/2017/3977/3977_texto_integral.pdf", "ementa": "CONCEDE MO\u00c7\u00c3O DE APLAUSOS AO SENHOR ADILSON CESAR\r\nDE SOUZA."}, {"id": "3978", "ano": "2017", "numero": "4", "tipo__sigla": "PDL", "tipo__descricao": "Projeto de Decreto Legislativo", "autoria": "Rog\u00e9rinho do Karat\u00ea", "texto_original": "http://sapl.cambara.pr.leg.br/media/./sapl/public/materialegislativa/2017/3978/3978_texto_integral.pdf", "ementa": "CONCEDE MO\u00c7\u00c3O POR ATO DE BRAVURA AO SENHOR ANT\u00d4NIO\r\nROCHA AGUIAR."}, {"id": "3372", "ano": "2017", "numero": "1", "tipo__sigla": "PLCE", "tipo__descricao": "Projeto de Lei Complementar do Executivo", "autoria": "", "texto_original": "http://sapl.cambara.pr.leg.br/media/./sapl/public/materialegislativa/2017/3372/3372_texto_integral.pdf", "ementa": "ATUALIZA O PISO DE VENCIMENTOS DO QUADRO DO MAGIST\u00c9RIO P\u00daBLICO MUNICIPAL, NOS TERMOS DA LEI FEDERAL N\u00ba11.738 DE 16 DE JULHO DE 2008."}, {"id": "3704", "ano": "2017", "numero": "2", "tipo__sigla": "PLCE", "tipo__descricao": "Projeto de Lei Complementar do Executivo", "autoria": "", "texto_original": "http://sapl.cambara.pr.leg.br/media/./sapl/public/materialegislativa/2017/3704/3704_texto_integral.pdf", "ementa": "INSTITUI O PROGRAMA DE RECUPERA\u00c7\u00c3O DE CR\u00c9DITOS MUNICIPAIS &#8211; REFIS CAMBAR\u00c1 2017, E D\u00c1 OUTRAS PROVID\u00caNCIAS."}, {"id": "3769", "ano": "2017", "numero": "3", "tipo__sigla": "PLCE", "tipo__descricao": "Projeto de Lei Complementar do Executivo", "autoria": "Poder Executivo", "texto_original": "http://sapl.cambara.pr.leg.br/media/./sapl/public/materialegislativa/2017/3769/3769_texto_integral.pdf", "ementa": "ALTERA DISPOSITIVO DA LEI COMPLEMENTAR N\u00ba 41, DE 30 DE ABRIL DE 2014, E D\u00c1 OUTRAS PROVID\u00caNCIAS. "}, {"id": "3770", "ano": "2017", "numero": "4", "tipo__sigla": "PLCE", "tipo__descricao": "Projeto de Lei Complementar do Executivo", "autoria": "Poder Executivo", "texto_original": "http://sapl.cambara.pr.leg.br/media/./sapl/public/materialegislativa/2017/3770/3770_texto_integral.pdf", "ementa": "ALTERA DISPOSITIVO DA LEI COMPLEMENTAR N\u00ba 46, DE 05 DE NOVEMBRO DE 2014, ALTERA A DATA BASE DO QUADRO PR\u00d3PRIO DO PODER EXECUTIVO - QPPE, CONCEDE REPOSI\u00c7\u00c3O SALARIAL AOS SERVIDORES ATIVOS QUE ESPECIFICA E D\u00c1 OUTRAS PROVID\u00caNCIAS. "}, {"id": "3848", "ano": "2017", "numero": "5", "tipo__sigla": "PLCE", "tipo__descricao": "Projeto de Lei Complementar do Executivo", "autoria": "Poder Executivo", "texto_original": "http://sapl.cambara.pr.leg.br/media/./sapl/public/materialegislativa/2017/3848/3848_texto_integral.pdf", "ementa": "ALTERA DISPOSITIVOS DA LEI COMPLEMENTAR N\u00ba 51/2014 QUE DISP\u00d4S SOBRE O IMPOSTO SOBRE SERVI\u00c7O DE QUALQUER NATUREZA, E D\u00c1 OUTRAS PROVID\u00caNCIAS."}, {"id": "3876", "ano": "2017", "numero": "6", "tipo__sigla": "PLCE", "tipo__descricao": "Projeto de Lei Complementar do Executivo", "autoria": "Poder Executivo", "texto_original": "http://sapl.cambara.pr.leg.br/media/./sapl/public/materialegislativa/2017/3876/3876_texto_integral.pdf", "ementa": "AUTORIZA O PODER EXECUTIVO MUNICIPAL A DOAR \u00c1REA DE TERRA DE SUA PROPRIEDADE \u00c0 COMPANHIA DE HABITA\u00c7\u00c3O DO PARAN\u00c1 &#8211; COHAPAR E D\u00c1 OUTRAS PROVID\u00caNCIAS."}, {"id": "3877", "ano": "2017", "numero": "7", "tipo__sigla": "PLCE", "tipo__descricao": "Projeto de Lei Complementar do Executivo", "autoria": "Poder Executivo", "texto_original": "http://sapl.cambara.pr.leg.br/media/./sapl/public/materialegislativa/2017/3877/3877_texto_integral.pdf", "ementa": "AUTORIZA O PODER EXECUTIVO MUNICIPAL A DOAR \u00c1REA DE TERRA DE SUA PROPRIEDADE \u00c0 COMPANHIA DE HABITA\u00c7\u00c3O DO PARAN\u00c1 &#8211; COHAPAR E D\u00c1 OUTRAS PROVID\u00caNCIAS."}, {"id": "3888", "ano": "2017", "numero": "8", "tipo__sigla": "PLCE", "tipo__descricao": "Projeto de Lei Complementar do Executivo", "autoria": "Poder Executivo", "texto_original": "http://sapl.cambara.pr.leg.br/media/./sapl/public/materialegislativa/2017/3888/3888_texto_integral.pdf", "ementa": "REVOGA DISPOSITIVO DA LEI COMPLEMENTAR N\u00ba 76/2017, E D\u00c1 OUTRAS PROVID\u00caNCIAS."}, {"id": "3951", "ano": "2017", "numero": "9", "tipo__sigla": "PLCE", "tipo__descricao": "Projeto de Lei Complementar do Executivo", "autoria": "Poder Executivo", "texto_original": "http://sapl.cambara.pr.leg.br/media/./sapl/public/materialegislativa/2017/3951/3951_texto_integral.pdf", "ementa": "AUTORIZA O EXECUTIVO MUNICIPAL A CANCELAR SALDOS REMANESCENTES DE CR\u00c9DITOS TRIBUT\u00c1RIOS E OUTROS DE QUALQUER ESP\u00c9CIE, INSCRITOS OU N\u00c3O EM D\u00cdVIDA ATIVA, CONFORME PREVIS\u00c3O CONTIDA NO ART. 14, \u00a7 3\u00ba, INC. II DA LEI COMPLEMENTAR N\u00ba 101/2000 (LRF), E ADOTA OUTRAS PROVID\u00caNCIAS."}, {"id": "3991", "ano": "2017", "numero": "10", "tipo__sigla": "PLCE", "tipo__descricao": "Projeto de Lei Complementar do Executivo", "autoria": "Poder Executivo", "texto_original": "http://sapl.cambara.pr.leg.br/media/./sapl/public/materialegislativa/2017/3991/3991_texto_integral.pdf", "ementa": "ALTERA A LEI COMPLEMENTAR N\u00ba 27, DE 22 DE JUNHO DE 2011 E ADOTA OUTRAS PROVID\u00caNCIAS."}, {"id": "3992", "ano": "2017", "numero": "11", "tipo__sigla": "PLCE", "tipo__descricao": "Projeto de Lei Complementar do Executivo", "autoria": "Poder Executivo", "texto_original": "http://sapl.cambara.pr.leg.br/media/./sapl/public/materialegislativa/2017/3992/3992_texto_integral.pdf", "ementa": "ALTERA DISPOSITIVOS DA LEI COMPLEMENTAR N\u00ba 46, DE 05 DE NOVEMBRO DE 2014 E DA LEI N\u00ba 1.191, DE 17 DE OUTUBRO DE 2001 E ADOTA OUTRAS PROVID\u00caNCIAS."}, {"id": "3449", "ano": "2017", "numero": "1", "tipo__sigla": "PLCL", "tipo__descricao": "Projeto de Lei Complementar do Legislativo", "autoria": "Mesa Diretora", "texto_original": "http://sapl.cambara.pr.leg.br/media/./sapl/public/materialegislativa/2017/3449/3449_texto_integral.pdf", "ementa": "INCLUI O INCISO VII, NO ART. 1\u00ba, DA LEI COMPLEMENTAR N\u00ba 66, DE 1\u00ba DE ABRIL DE 2016."}, {"id": "3788", "ano": "2017", "numero": "2", "tipo__sigla": "PLCL", "tipo__descricao": "Projeto de Lei Complementar do Legislativo", "autoria": "Mesa Diretora", "texto_original": "http://sapl.cambara.pr.leg.br/media/./sapl/public/materialegislativa/2017/3788/3788_texto_integral.pdf", "ementa": "INCLUI O ART. 42-A NA LEI COMPLEMENTAR N\u00ba 02, DE 28 DE JUNHO DE 2006."}, {"id": "3789", "ano": "2017", "numero": "3", "tipo__sigla": "PLCL", "tipo__descricao": "Projeto de Lei Complementar do Legislativo", "autoria": "Mesa Diretora", "texto_original": "http://sapl.cambara.pr.leg.br/media/./sapl/public/materialegislativa/2017/3789/3789_texto_integral.pdf", "ementa": "CONCEDE REPOSI\u00c7\u00c3O SALARIAL A TODOS OS SERVIDORES ATIVOS, INATIVOS E OCUPANTES DE CARGOS DE PROVIMENTO EM COMISS\u00c3O DO PODER LEGISLATIVO E D\u00c1 OUTRAS PROVID\u00caNCIAS."}, {"id": "3979", "ano": "2017", "numero": "4", "tipo__sigla": "PLCL", "tipo__descricao": "Projeto de Lei Complementar do Legislativo", "autoria": "Mesa Diretora", "texto_original": "http://sapl.cambara.pr.leg.br/media/./sapl/public/materialegislativa/2017/3979/3979_texto_integral.pdf", "ementa": "REVOGA DISPOSITIVOS DA LEI COMPLEMENTAR N\u00ba 02, DE 28 DE JUNHO DE 2006, E DA LEI COMPLEMENTAR N\u00ba 66, DE 1\u00ba DE ABRIL DE 2016."}, {"id": "3980", "ano": "2017", "numero": "5", "tipo__sigla": "PLCL", "tipo__descricao": "Projeto de Lei Complementar do Legislativo", "autoria": "Mesa Diretora", "texto_original": "http://sapl.cambara.pr.leg.br/media/./sapl/public/materialegislativa/2017/3980/3980_texto_integral.pdf", "ementa": "ALTERA O ANEXO III DA LEI COMPLEMENTAR N\u00ba 62, DE 25 DE JANEIRO DE 2016."}, {"id": "3409", "ano": "2017", "numero": "1", "tipo__sigla": "PLE", "tipo__descricao": "Projeto de Lei do Executivo", "autoria": "Poder Executivo", "texto_original": "http://sapl.cambara.pr.leg.br/media/./sapl/public/materialegislativa/2017/3409/3409_texto_integral.pdf", "ementa": "AUTORIZA O PODER EXECUTIVO DE CAMBAR\u00c1 A FIRMAR COM O INSTITUTO BOURBON DE RESPONSABILIDADE SOCIOAMBIENTAL, PARCERIA PARA INSTALA\u00c7\u00c3O, MANUTEN\u00c7\u00c3O E FUNCIONAMENTO DE ESCOLA PROFISSIONALIZANTE, RECONHECE COMO INEXIG\u00cdVEL O CHAMAMENTO P\u00daBLICO, E D\u00c1 OUTRAS PROVID\u00caNCIAS."}, {"id": "3443", "ano": "2017", "numero": "2", "tipo__sigla": "PLE", "tipo__descricao": "Projeto de Lei do Executivo", "autoria": "Poder Executivo", "texto_original": "http://sapl.cambara.pr.leg.br/media/./sapl/public/materialegislativa/2017/3443/3443_texto_integral.pdf", "ementa": "DISP\u00d5E SOBRE A REESTRUTURA\u00c7\u00c3O DO CONSELHO MUNICIPAL DE DIREITOS DA PESSOA IDOSA, ALTERA DISPOSITIVO DA LEI 1.463/2010 E D\u00c1 OUTRAS PROVID\u00caNCIAS."}, {"id": "3444", "ano": "2017", "numero": "3", "tipo__sigla": "PLE", "tipo__descricao": "Projeto de Lei do Executivo", "autoria": "Poder Executivo", "texto_original": "http://sapl.cambara.pr.leg.br/media/./sapl/public/materialegislativa/2017/3444/3444_texto_integral.pdf", "ementa": "ESTRUTURA O SISTEMA \u00daNICO DE ASSIST\u00caNCIA SOCIAL DO MUNIC\u00cdPIO CAMBAR\u00c1 E D\u00c1 OUTRAS PROVID\u00caNCIAS."}, {"id": "3445", "ano": "2017", "numero": "4", "tipo__sigla": "PLE", "tipo__descricao": "Projeto de Lei do Executivo", "autoria": "Poder Executivo", "texto_original": "http://sapl.cambara.pr.leg.br/media/./sapl/public/materialegislativa/2017/3445/3445_texto_integral.pdf", "ementa": "AUTORIZA O PODER EXECUTIVO MUNICIPAL A EFETUAR ACORDO JUDICIAL EM D\u00c9BITOS ORIUNDOS DE PRECAT\u00d3RIOS JUDICIAIS."}, {"id": "3446", "ano": "2017", "numero": "5", "tipo__sigla": "PLE", "tipo__descricao": "Projeto de Lei do Executivo", "autoria": "Poder Executivo", "texto_original": "http://sapl.cambara.pr.leg.br/media/./sapl/public/materialegislativa/2017/3446/3446_texto_integral.pdf", "ementa": "AUTORIZA O PODER EXECUTIVO DE CAMBAR\u00c1 A FIRMAR COM A ASSOCIA\u00c7\u00c3O DOS TRABALHADORES DE CAMBAR\u00c1 &#8211; AT.C, PARCERIA PARA SUBSIDIAR PARTE DOS DESPESAS OCORRIDAS COM TRANSPORTE DE TRABALHADORES DO MUNIC\u00cdPIO, RECONHECE COMO INEXIG\u00cdVEL O CHAMAMENTO P\u00daBLICO, E D\u00c1 OUTRAS PROVID\u00caNCIAS."}, {"id": "3447", "ano": "2017", "numero": "6", "tipo__sigla": "PLE", "tipo__descricao": "Projeto de Lei do Executivo", "autoria": "Poder Executivo", "texto_original": "http://sapl.cambara.pr.leg.br/media/./sapl/public/materialegislativa/2017/3447/3447_texto_integral.pdf", "ementa": "AUTORIZA O PODER EXECUTIVO DE CAMBAR\u00c1 A FIRMAR COM A ASSOCIA\u00c7\u00c3O DOS ESTUDANTES DO ENSINO SUPERIOR DE CAMBAR\u00c1 &#8211; A.E.E.S.C, PARCERIA PARA SUBSIDIAR PARTE DOS DESPESAS OCORRIDAS COM TRANSPORTE DE ESTUDANTES DO MUNIC\u00cdPIO, RECONHECE COMO INEXIG\u00cdVEL O CHAMAMENTO P\u00daBLICO, E D\u00c1 OUTRAS PROVID\u00caNCIAS."}, {"id": "3553", "ano": "2017", "numero": "7", "tipo__sigla": "PLE", "tipo__descricao": "Projeto de Lei do Executivo", "autoria": "Poder Executivo", "texto_original": "http://sapl.cambara.pr.leg.br/media/./sapl/public/materialegislativa/2017/3553/3553_texto_integral.pdf", "ementa": "DISP\u00d5E SOBRE AS DIRETRIZES PARA A ELABORA\u00c7\u00c3O DA LEI OR\u00c7AMENT\u00c1RIA PARA O EXERC\u00cdCIO DE 2018, E D\u00c1 OUTRAS PROVID\u00caNCIAS."}, {"id": "3567", "ano": "2017", "numero": "8", "tipo__sigla": "PLE", "tipo__descricao": "Projeto de Lei do Executivo", "autoria": "Poder Executivo", "texto_original": "http://sapl.cambara.pr.leg.br/media/./sapl/public/materialegislativa/2017/3567/3567_texto_integral.pdf", "ementa": "CONCEDE REPOSI\u00c7\u00c3O SALARIAL A TODOS OS SERVIDORES ATIVOS, INATIVOS E OCUPANTES DE CARGOS DE PROVIMENTO EM COMISS\u00c3O DO PODER EXECUTIVO E D\u00c1 OUTRAS PROVID\u00caNCIAS. "}, {"id": "3587", "ano": "2017", "numero": "9", "tipo__sigla": "PLE", "tipo__descricao": "Projeto de Lei do Executivo", "autoria": "Poder Executivo", "texto_original": "http://sapl.cambara.pr.leg.br/media/./sapl/public/materialegislativa/2017/3587/3587_texto_integral.pdf", "ementa": "AUTORIZA O EXECUTIVO MUNICIPAL SUBSIDIAR GASTOS COM TRANSPORTE, EFETUADOS POR ESTUDANTES DE CURSO SUPERIOR OU PROFISSIONALIZANTE E D\u00c1 OUTRAS PROVID\u00caNCIAS."}, {"id": "3588", "ano": "2017", "numero": "10", "tipo__sigla": "PLE", "tipo__descricao": "Projeto de Lei do Executivo", "autoria": "Poder Executivo", "texto_original": "http://sapl.cambara.pr.leg.br/media/./sapl/public/materialegislativa/2017/3588/3588_texto_integral.pdf", "ementa": "ALTERA DISPOSITIVO DA LEI 1.567 DE 19 DE FEVEREIRO DE 2014 E D\u00c1 OUTRAS PROVID\u00caNCIAS."}, {"id": "3589", "ano": "2017", "numero": "11", "tipo__sigla": "PLE", "tipo__descricao": "Projeto de Lei do Executivo", "autoria": "Poder Executivo", "texto_original": "http://sapl.cambara.pr.leg.br/media/./sapl/public/materialegislativa/2017/3589/3589_texto_integral.pdf", "ementa": "AUTORIZA O PARCELAMENTO DE D\u00cdVIDA PELO PODER EXECUTIVO MUNICIPAL JUNTO A COMPANHIA PARANAENSE DE ENERGIA - COPEL E D\u00c1 OUTRAS PROVID\u00caNCIAS."}, {"id": "3681", "ano": "2017", "numero": "12", "tipo__sigla": "PLE", "tipo__descricao": "Projeto de Lei do Executivo", "autoria": "", "texto_original": "http://sapl.cambara.pr.leg.br/media/./sapl/public/materialegislativa/2017/3681/3681_texto_integral.pdf", "ementa": "DISP\u00d5E SOBRE A FORMA DE AMORTIZA\u00c7\u00c3O DO D\u00c9FICIT T\u00c9CNICO ATUARIAL PARA OBTEN\u00c7\u00c3O DO EQUIL\u00cdBRIO FINANCEIRO E ATUARIAL QUE O MUNIC\u00cdPIO TEM EM FACE DO RPPS DO MUNIC\u00cdPIO DE CAMBAR\u00c1 PR, BEM COMO FIXA O PERCENTUAL DE CONTRIBUI\u00c7\u00c3O PATRONAL NOS TERMOS DO C\u00c1LCULO ATUARIAL."}, {"id": "3790", "ano": "2017", "numero": "13", "tipo__sigla": "PLE", "tipo__descricao": "Projeto de Lei do Executivo", "autoria": "Poder Executivo", "texto_original": "http://sapl.cambara.pr.leg.br/media/./sapl/public/materialegislativa/2017/3790/3790_texto_integral.pdf", "ementa": "INSTITUI O PLANO PLURIANUAL DO MUNIC\u00cdPIO DE CAMBAR\u00c1, PARA O QUADRI\u00caNIO COMPREENDIDO DE 2018 A 2021."}, {"id": "3791", "ano": "2017", "numero": "14", "tipo__sigla": "PLE", "tipo__descricao": "Projeto de Lei do Executivo", "autoria": "Poder Executivo", "texto_original": "http://sapl.cambara.pr.leg.br/media/./sapl/public/materialegislativa/2017/3791/3791_texto_integral.pdf", "ementa": "ESTIMA A RECEITA E FIXA A DESPESA PARA O EXERC\u00cdCIO FINANCEIRO DE 2018."}, {"id": "3861", "ano": "2017", "numero": "15", "tipo__sigla": "PLE", "tipo__descricao": "Projeto de Lei do Executivo", "autoria": "Poder Executivo", "texto_original": "http://sapl.cambara.pr.leg.br/media/./sapl/public/materialegislativa/2017/3861/3861_texto_integral.pdf", "ementa": "AUTORIZA O PODER EXECUTIVO MUNICIPAL A CONTRATAR OPERA\u00c7\u00d5ES DE CR\u00c9DITO COM A AG\u00caNCIA DE FOMENTO DO PARAN\u00c1 S.A"}, {"id": "3862", "ano": "2017", "numero": "16", "tipo__sigla": "PLE", "tipo__descricao": "Projeto de Lei do Executivo", "autoria": "Poder Executivo", "texto_original": "http://sapl.cambara.pr.leg.br/media/./sapl/public/materialegislativa/2017/3862/3862_texto_integral.pdf", "ementa": "ABRE CR\u00c9DITO ADICIONAL ESPECIAL NO OR\u00c7AMENTO GERAL DO MUNIC\u00cdPIO PARA O EXERC\u00cdCIO DE 2017. "}, {"id": "3863", "ano": "2017", "numero": "17", "tipo__sigla": "PLE", "tipo__descricao": "Projeto de Lei do Executivo", "autoria": "Poder Executivo", "texto_original": "http://sapl.cambara.pr.leg.br/media/./sapl/public/materialegislativa/2017/3863/3863_texto_integral.pdf", "ementa": "ALTERA DISPOSITIVO DA LEI N\u00ba 1652, DE 13 DE OUTUBRO DE 2016 E D\u00c1 OUTRAS PROVID\u00caNCIAS."}, {"id": "3905", "ano": "2017", "numero": "18", "tipo__sigla": "PLE", "tipo__descricao": "Projeto de Lei do Executivo", "autoria": "Poder Executivo", "texto_original": "http://sapl.cambara.pr.leg.br/media/./sapl/public/materialegislativa/2017/3905/3905_texto_integral.pdf", "ementa": "AUTORIZA O PODER EXECUTIVO MUNICIPAL A ADERIR AOS PROGRAMAS DE \"MAIS M\u00c9DICOS PARA O BRASIL\", \"RESID\u00caNCIA M\u00c9DICA\" E \"RESID\u00caNCIA MULTIPROFISSIONAL\" E D\u00c1 OUTRAS PROVID\u00caNCIAS"}, {"id": "3981", "ano": "2017", "numero": "19", "tipo__sigla": "PLE", "tipo__descricao": "Projeto de Lei do Executivo", "autoria": "Poder Executivo", "texto_original": "http://sapl.cambara.pr.leg.br/media/./sapl/public/materialegislativa/2017/3981/3981_texto_integral.pdf", "ementa": "INSTITUI A IMPRENSA OFICIAL DO MUNIC\u00cdPIO DE CAMBAR\u00c1, ESTADO DO PARAN\u00c1, ENCARREGADO DA PUBLICIDADE DOS ATOS DO PODER EXECUTIVO, DO PODER LEGISLATIVO, BEM COMO DE SUAS AUTARQUIAS E FUNDA\u00c7\u00d5ES E D\u00c1 OUTRAS PROVID\u00caNCIAS."}, {"id": "3448", "ano": "2017", "numero": "1", "tipo__sigla": "PLL", "tipo__descricao": "Projeto de Lei do Legislativo", "autoria": "Mesa Diretora", "texto_original": "http://sapl.cambara.pr.leg.br/media/./sapl/public/materialegislativa/2017/3448/3448_texto_integral.pdf", "ementa": "DISP\u00d5E SOBRE O SISTEMA DE CONCESS\u00c3O DE DI\u00c1RIAS DA C\u00c2MARA MUNICIPAL DE CAMBAR\u00c1, ESTADO DO PARAN\u00c1 E D\u00c1 OUTRAS PROVID\u00caNCIAS."}, {"id": "3551", "ano": "2017", "numero": "2", "tipo__sigla": "PLL", "tipo__descricao": "Projeto de Lei do Legislativo", "autoria": "Rog\u00e9rinho do Karat\u00ea", "texto_original": "http://sapl.cambara.pr.leg.br/media/./sapl/public/materialegislativa/2017/3551/3551_texto_integral.pdf", "ementa": "ALTERA O CAPUT DOS ARTIGOS 1\u00ba E 2\u00ba DA LEI 1.600/2015, BEM COMO ACRESCENTA O PAR\u00c1GRAFO 6\u00ba AO ART. 1\u00ba DESTA MESMA LEI."}, {"id": "3552", "ano": "2017", "numero": "3", "tipo__sigla": "PLL", "tipo__descricao": "Projeto de Lei do Legislativo", "autoria": "Angelo Raia (Zoinho), Cris Liga, Gil dos Anjos, Jair Antonio da Silva, M\u00e1rcio Albertini, Raffaello Frascati, Rog\u00e9rinho do Karat\u00ea, Tetinha, Walcir Joaquim", "texto_original": "http://sapl.cambara.pr.leg.br/media/./sapl/public/materialegislativa/2017/3552/3552_texto_integral.pdf", "ementa": "DISP\u00d5E SOBRE A PROIBI\u00c7\u00c3O DA CONCESS\u00c3O DE ALVAR\u00c1 E/OU LICEN\u00c7A PARA UTILIZA\u00c7\u00c3O DO SOLO COM A FINALIDADE DE EXPLORA\u00c7\u00c3O DO G\u00c1S DE XISTO (N\u00c3O CONVENCIONAL) PELO M\u00c9TODO DE FRATURA HIDR\u00c1ULICA (FRACKING) E D\u00c1 OUTRAS PROVID\u00caNCIAS."}, {"id": "3554", "ano": "2017", "numero": "4", "tipo__sigla": "PLL", "tipo__descricao": "Projeto de Lei do Legislativo", "autoria": "Raffaello Frascati", "texto_original": "http://sapl.cambara.pr.leg.br/media/./sapl/public/materialegislativa/2017/3554/3554_texto_integral.pdf", "ementa": "D\u00c1 DENOMINA\u00c7\u00c3O AO PARQUE ALAMBARI I."}, {"id": "3568", "ano": "2017", "numero": "5", "tipo__sigla": "PLL", "tipo__descricao": "Projeto de Lei do Legislativo", "autoria": "Mesa Diretora", "texto_original": "http://sapl.cambara.pr.leg.br/media/./sapl/public/materialegislativa/2017/3568/3568_texto_integral.pdf", "ementa": "CONCEDE REPOSI\u00c7\u00c3O SALARIAL A TODOS OS SERVIDORES ATIVOS, INATIVOS E OCUPANTES DE CARGOS DE PROVIMENTO EM COMISS\u00c3O DO PODER LEGISLATIVO E D\u00c1 OUTRAS PROVID\u00caNCIAS."}, {"id": "3586", "ano": "2017", "numero": "6", "tipo__sigla": "PLL", "tipo__descricao": "Projeto de Lei do Legislativo", "autoria": "Tetinha", "texto_original": "http://sapl.cambara.pr.leg.br/media/", "ementa": "DENOMINA AS RUAS DO RESIDENCIAL JARDIM PADOVANI E ALTERA A DENOMINA\u00c7\u00c3O DE PARTE DO BAIRRO SANTA HERC\u00cdLIA."}, {"id": "3670", "ano": "2017", "numero": "7", "tipo__sigla": "PLL", "tipo__descricao": "Projeto de Lei do Legislativo", "autoria": "Gil dos Anjos", "texto_original": "http://sapl.cambara.pr.leg.br/media/./sapl/public/materialegislativa/2017/3670/3670_texto_integral.pdf", "ementa": "DISP\u00d5E SOBRE A ERRADICA\u00c7\u00c3O DA PLANTA MURTA (&#8220;MURRAYA PANICULATA&#8221;) NO MUNIC\u00cdPIO DE CAMBAR\u00c1."}, {"id": "3680", "ano": "2017", "numero": "8", "tipo__sigla": "PLL", "tipo__descricao": "Projeto de Lei do Legislativo", "autoria": "Raffaello Frascati", "texto_original": "http://sapl.cambara.pr.leg.br/media/./sapl/public/materialegislativa/2017/3680/3680_texto_integral.pdf", "ementa": "INSTITUI NO CALEND\u00c1RIO DE COMEMORA\u00c7\u00d5ES OFICIAIS DO MUNIC\u00cdPIO O &#8220;DIA DO NASCITURO&#8221;."}, {"id": "3702", "ano": "2017", "numero": "9", "tipo__sigla": "PLL", "tipo__descricao": "Projeto de Lei do Legislativo", "autoria": "Walcir Joaquim, Angelo Raia (Zoinho), Cris Liga, Gil dos Anjos, Jair Antonio da Silva, M\u00e1rcio Albertini, Raffaello Frascati, Rog\u00e9rinho do Karat\u00ea, Tetinha", "texto_original": "http://sapl.cambara.pr.leg.br/media/./sapl/public/materialegislativa/2017/3702/3702_texto_integral.pdf", "ementa": "ESTABELECE A OBRIGATORIEDADE DE EXIST\u00caNCIA DE VIGILANTE NAS AG\u00caNCIAS DOS CORREIOS NO MUNIC\u00cdPIO DE CAMBAR\u00c1."}, {"id": "3703", "ano": "2017", "numero": "10", "tipo__sigla": "PLL", "tipo__descricao": "Projeto de Lei do Legislativo", "autoria": "Gil dos Anjos", "texto_original": "http://sapl.cambara.pr.leg.br/media/./sapl/public/materialegislativa/2017/3703/3703_texto_integral.pdf", "ementa": "D\u00c1 DENOMINA\u00c7\u00c3O AO DISTRITO INDUSTRIAL II."}, {"id": "3749", "ano": "2017", "numero": "11", "tipo__sigla": "PLL", "tipo__descricao": "Projeto de Lei do Legislativo", "autoria": "Tetinha", "texto_original": "http://sapl.cambara.pr.leg.br/media/./sapl/public/materialegislativa/2017/3749/3749_texto_integral.pdf", "ementa": "DECLARA DE UTILIDADE P\u00daBLICA MUNICIPAL A ASSOCIA\u00c7\u00c3O DOS AVICULTORES DO NORTE PIONEIRO - AVINORPI."}, {"id": "3750", "ano": "2017", "numero": "12", "tipo__sigla": "PLL", "tipo__descricao": "Projeto de Lei do Legislativo", "autoria": "Rog\u00e9rinho do Karat\u00ea", "texto_original": "http://sapl.cambara.pr.leg.br/media/./sapl/public/materialegislativa/2017/3750/3750_texto_integral.pdf", "ementa": "D\u00c1 DENOMINA\u00c7\u00c3O \u00c0 PRA\u00c7A DO CONJUNTO ROTARY."}, {"id": "3771", "ano": "2017", "numero": "13", "tipo__sigla": "PLL", "tipo__descricao": "Projeto de Lei do Legislativo", "autoria": "Tetinha", "texto_original": "http://sapl.cambara.pr.leg.br/media/./sapl/public/materialegislativa/2017/3771/3771_texto_integral.pdf", "ementa": "AUTORIZA A CELEBRA\u00c7\u00c3O DE PARCERIA ENTRE PODER P\u00daBLICO MUNICIPAL E A INICIATIVA PRIVADA, PARA RECEBIMENTO DE BENS E SERVI\u00c7OS, SEM \u00d4NUS AO MUNIC\u00cdPIO."}, {"id": "3590", "ano": "2017", "numero": "1", "tipo__sigla": "PRE", "tipo__descricao": "Projeto de Resolu\u00e7\u00e3o", "autoria": "Mesa Diretora", "texto_original": "http://sapl.cambara.pr.leg.br/media/./sapl/public/materialegislativa/2017/3590/3590_texto_integral.pdf", "ementa": "INSTITUI O PROGRAMA C\u00c2MARA ITINERANTE NO MUNIC\u00cdPIO DE CAMBAR\u00c1, ESTADO DO PARAN\u00c1."}, {"id": "3733", "ano": "2017", "numero": "2", "tipo__sigla": "PRE", "tipo__descricao": "Projeto de Resolu\u00e7\u00e3o", "autoria": "Mesa Diretora", "texto_original": "http://sapl.cambara.pr.leg.br/media/./sapl/public/materialegislativa/2017/3733/3733_texto_integral.pdf", "ementa": "DISP\u00d5E SOBRE A PROPOSTA PARCIAL DO OR\u00c7AMENTO DA C\u00c2MARA MUNICIPAL DE CAMBAR\u00c1 PARA O EXERC\u00cdCIO FINANCEIRO DE 2018."}, {"id": "3804", "ano": "2017", "numero": "3", "tipo__sigla": "PRE", "tipo__descricao": "Projeto de Resolu\u00e7\u00e3o", "autoria": "", "texto_original": "http://sapl.cambara.pr.leg.br/media/./sapl/public/materialegislativa/2017/3804/3804_texto_integral.pdf", "ementa": "DISP\u00d5E SOBRE A AUTORIZA\u00c7\u00c3O AO PODER LEGISLATIVO PARA ASSINAR TERMO DE CONV\u00caNIO COM A COOPERATIVA DE CR\u00c9DITO SICREDI E D\u00c1 OUTRAS PROVID\u00caNCIAS."}, {"id": "3751", "ano": "2017", "numero": "1", "tipo__sigla": "PELO", "tipo__descricao": "Proposta de Emenda \u00e0 Lei Org\u00e2nica", "autoria": "Tetinha, Jair Antonio da Silva, Raffaello Frascati", "texto_original": "http://sapl.cambara.pr.leg.br/media/./sapl/public/materialegislativa/2017/3751/3751_texto_integral.pdf", "ementa": "ALTERA A REDA\u00c7\u00c3O DO CAPUT DO ARTIGO 138, DA LEI ORG\u00c2NICA MUNICIPAL."}, {"id": "3380", "ano": "2017", "numero": "1", "tipo__sigla": "REQ", "tipo__descricao": "Requerimento", "autoria": "Gil dos Anjos", "texto_original": "http://sapl.cambara.pr.leg.br/media/./sapl/public/materialegislativa/2017/3380/3380_texto_integral.pdf", "ementa": "SEC. CHEFE CASA CIVIL EMENDAS"}, {"id": "3381", "ano": "2017", "numero": "2", "tipo__sigla": "REQ", "tipo__descricao": "Requerimento", "autoria": "Angelo Raia (Zoinho)", "texto_original": "http://sapl.cambara.pr.leg.br/media/./sapl/public/materialegislativa/2017/3381/3381_texto_integral.pdf", "ementa": "DEPUTADO ESTADUAL COBRA EMENDAS"}, {"id": "3382", "ano": "2017", "numero": "3", "tipo__sigla": "REQ", "tipo__descricao": "Requerimento", "autoria": "Angelo Raia (Zoinho)", "texto_original": "http://sapl.cambara.pr.leg.br/media/./sapl/public/materialegislativa/2017/3382/3382_texto_integral.pdf", "ementa": "DEPUTADO ESTADUAL COBRA APARELHOS DE INALA\u00c7\u00c3O"}, {"id": "3383", "ano": "2017", "numero": "5", "tipo__sigla": "REQ", "tipo__descricao": "Requerimento", "autoria": "Walcir Joaquim, Cris Liga, Gil dos Anjos, M\u00e1rcio Albertini", "texto_original": "http://sapl.cambara.pr.leg.br/media/./sapl/public/materialegislativa/2017/3383/3383_texto_integral.pdf", "ementa": "SEC. ESTADUAL DE SA\u00daDE EQUIPAMENTOS SANTA CASA"}, {"id": "3384", "ano": "2017", "numero": "6", "tipo__sigla": "REQ", "tipo__descricao": "Requerimento", "autoria": "Raffaello Frascati", "texto_original": "http://sapl.cambara.pr.leg.br/media/./sapl/public/materialegislativa/2017/3384/3384_texto_integral.pdf", "ementa": "SEC. ESTADUAL DE SA\u00daDE EQUIPAMENTOS MELHORIAS"}, {"id": "3385", "ano": "2017", "numero": "7", "tipo__sigla": "REQ", "tipo__descricao": "Requerimento", "autoria": "Walcir Joaquim, Cris Liga, Gil dos Anjos, M\u00e1rcio Albertini", "texto_original": "http://sapl.cambara.pr.leg.br/media/./sapl/public/materialegislativa/2017/3385/3385_texto_integral.pdf", "ementa": "SEC. ESTADUAL DE SA\u00daDE PROJETO ORTOPEDIA"}, {"id": "3432", "ano": "2017", "numero": "8", "tipo__sigla": "REQ", "tipo__descricao": "Requerimento", "autoria": "Angelo Raia (Zoinho)", "texto_original": "http://sapl.cambara.pr.leg.br/media/./sapl/public/materialegislativa/2017/3432/3432_texto_integral.pdf", "ementa": "DEPUTADO ESTADUAL COBRA MATERIAL ESPORTIVO"}, {"id": "3433", "ano": "2017", "numero": "9", "tipo__sigla": "REQ", "tipo__descricao": "Requerimento", "autoria": "Tetinha, Angelo Raia (Zoinho), Jair Antonio da Silva, Raffaello Frascati", "texto_original": "http://sapl.cambara.pr.leg.br/media/./sapl/public/materialegislativa/2017/3433/3433_texto_integral.pdf", "ementa": "DEPUTADO FEDERAL JO\u00c3O ARRUDA - EMENDA"}, {"id": "3434", "ano": "2017", "numero": "10", "tipo__sigla": "REQ", "tipo__descricao": "Requerimento", "autoria": "Tetinha, Angelo Raia (Zoinho), Jair Antonio da Silva, Raffaello Frascati", "texto_original": "http://sapl.cambara.pr.leg.br/media/./sapl/public/materialegislativa/2017/3434/3434_texto_integral.pdf", "ementa": "DEPUTADO ESTADUAL PEDRO LUPION \u00d4NIBUS SA\u00daDE"}, {"id": "3435", "ano": "2017", "numero": "11", "tipo__sigla": "REQ", "tipo__descricao": "Requerimento", "autoria": "Tetinha, Angelo Raia (Zoinho), Jair Antonio da Silva, Raffaello Frascati", "texto_original": "http://sapl.cambara.pr.leg.br/media/./sapl/public/materialegislativa/2017/3435/3435_texto_integral.pdf", "ementa": "DEPUTADO ESTADUAL PEDRO LUPION KIT ESPORTIVO"}, {"id": "3436", "ano": "2017", "numero": "12", "tipo__sigla": "REQ", "tipo__descricao": "Requerimento", "autoria": "Tetinha, Angelo Raia (Zoinho), Jair Antonio da Silva, Raffaello Frascati", "texto_original": "http://sapl.cambara.pr.leg.br/media/./sapl/public/materialegislativa/2017/3436/3436_texto_integral.pdf", "ementa": "DEPUTADO ESTADUAL PEDRO LUPION - PRESIDENTE COHAPAR - ABELARDO LUPION - CASAS"}, {"id": "3437", "ano": "2017", "numero": "13", "tipo__sigla": "REQ", "tipo__descricao": "Requerimento", "autoria": "Tetinha, Angelo Raia (Zoinho), Jair Antonio da Silva, Raffaello Frascati", "texto_original": "http://sapl.cambara.pr.leg.br/media/./sapl/public/materialegislativa/2017/3437/3437_texto_integral.pdf", "ementa": "SEC ESTADUAL SA\u00daDE ITENS SA\u00daDE"}, {"id": "3438", "ano": "2017", "numero": "14", "tipo__sigla": "REQ", "tipo__descricao": "Requerimento", "autoria": "Tetinha, Angelo Raia (Zoinho), Jair Antonio da Silva, Raffaello Frascati", "texto_original": "http://sapl.cambara.pr.leg.br/media/./sapl/public/materialegislativa/2017/3438/3438_texto_integral.pdf", "ementa": "DEPUTADO ESTADUAL PEDRO LUPION EMENDA - QUADRAS"}, {"id": "3439", "ano": "2017", "numero": "15", "tipo__sigla": "REQ", "tipo__descricao": "Requerimento", "autoria": "Tetinha, Angelo Raia (Zoinho), Jair Antonio da Silva, Raffaello Frascati", "texto_original": "http://sapl.cambara.pr.leg.br/media/./sapl/public/materialegislativa/2017/3439/3439_texto_integral.pdf", "ementa": "DEPUTADO ESTADUAL ROMANELLI KIT ESPORTIVO"}, {"id": "3440", "ano": "2017", "numero": "16", "tipo__sigla": "REQ", "tipo__descricao": "Requerimento", "autoria": "Tetinha, Angelo Raia (Zoinho), Jair Antonio da Silva, Raffaello Frascati", "texto_original": "http://sapl.cambara.pr.leg.br/media/./sapl/public/materialegislativa/2017/3440/3440_texto_integral.pdf", "ementa": "DEPUTADO ESTADUAL ROMANELLI - ITENS INFRAESTRUTURA"}, {"id": "3441", "ano": "2017", "numero": "17", "tipo__sigla": "REQ", "tipo__descricao": "Requerimento", "autoria": "Tetinha, Angelo Raia (Zoinho), Jair Antonio da Silva, Raffaello Frascati", "texto_original": "http://sapl.cambara.pr.leg.br/media/./sapl/public/materialegislativa/2017/3441/3441_texto_integral.pdf", "ementa": "DEPUTADO ESTADUAL ROMANELLI - LABORATORIO DE INFORMATICA"}, {"id": "3442", "ano": "2017", "numero": "19", "tipo__sigla": "REQ", "tipo__descricao": "Requerimento", "autoria": "Angelo Raia (Zoinho)", "texto_original": "http://sapl.cambara.pr.leg.br/media/./sapl/public/materialegislativa/2017/3442/3442_texto_integral.pdf", "ementa": "DEPUTADO ESTADUAL COBRA - ONIBUS ADAPTADO APAE"}, {"id": "3450", "ano": "2017", "numero": "20", "tipo__sigla": "REQ", "tipo__descricao": "Requerimento", "autoria": "Rog\u00e9rinho do Karat\u00ea", "texto_original": "http://sapl.cambara.pr.leg.br/media/./sapl/public/materialegislativa/2017/3450/3450_texto_integral.pdf", "ementa": "DEP. ESTADUAL JONAS GUIMAR\u00c3ES EMENDA"}, {"id": "3451", "ano": "2017", "numero": "21", "tipo__sigla": "REQ", "tipo__descricao": "Requerimento", "autoria": "Angelo Raia (Zoinho)", "texto_original": "http://sapl.cambara.pr.leg.br/media/./sapl/public/materialegislativa/2017/3451/3451_texto_integral.pdf", "ementa": "DEPUTADO ESTADUAL COBRA ACADEMIA TERCEIRA IDADE"}, {"id": "3452", "ano": "2017", "numero": "22", "tipo__sigla": "REQ", "tipo__descricao": "Requerimento", "autoria": "Rog\u00e9rinho do Karat\u00ea, Cris Liga", "texto_original": "http://sapl.cambara.pr.leg.br/media/./sapl/public/materialegislativa/2017/3452/3452_texto_integral.pdf", "ementa": "SANEPAR MAU CHEIRO LAZER"}, {"id": "3453", "ano": "2017", "numero": "23", "tipo__sigla": "REQ", "tipo__descricao": "Requerimento", "autoria": "Walcir Joaquim", "texto_original": "http://sapl.cambara.pr.leg.br/media/./sapl/public/materialegislativa/2017/3453/3453_texto_integral.pdf", "ementa": "DEP. ESTADUAL EVANDRO JUNIOR UPA"}, {"id": "3454", "ano": "2017", "numero": "24", "tipo__sigla": "REQ", "tipo__descricao": "Requerimento", "autoria": "Walcir Joaquim", "texto_original": "http://sapl.cambara.pr.leg.br/media/./sapl/public/materialegislativa/2017/3454/3454_texto_integral.pdf", "ementa": "INFORMA\u00c7\u00d5ES SEC EDUCA\u00c7\u00c3O E INFRAESTRUTURA SUPER CRECHE"}, {"id": "3455", "ano": "2017", "numero": "25", "tipo__sigla": "REQ", "tipo__descricao": "Requerimento", "autoria": "Gil dos Anjos", "texto_original": "http://sapl.cambara.pr.leg.br/media/./sapl/public/materialegislativa/2017/3455/3455_texto_integral.pdf", "ementa": "INFORMA\u00c7\u00d5ES CASAS SITUA\u00c7\u00c3O"}, {"id": "3473", "ano": "2017", "numero": "26", "tipo__sigla": "REQ", "tipo__descricao": "Requerimento", "autoria": "Walcir Joaquim", "texto_original": "http://sapl.cambara.pr.leg.br/media/./sapl/public/materialegislativa/2017/3473/3473_texto_integral.pdf", "ementa": "DEP. ESTADUAL EVANDRO JUNIOR AUMENTO EFETIVO"}, {"id": "3474", "ano": "2017", "numero": "27", "tipo__sigla": "REQ", "tipo__descricao": "Requerimento", "autoria": "Gil dos Anjos, Cris Liga, M\u00e1rcio Albertini, Walcir Joaquim", "texto_original": "http://sapl.cambara.pr.leg.br/media/./sapl/public/materialegislativa/2017/3474/3474_texto_integral.pdf", "ementa": "REQ_027_COMANDANTE PM_ROTAM"}, {"id": "3475", "ano": "2017", "numero": "28", "tipo__sigla": "REQ", "tipo__descricao": "Requerimento", "autoria": "Gil dos Anjos", "texto_original": "http://sapl.cambara.pr.leg.br/media/./sapl/public/materialegislativa/2017/3475/3475_texto_integral.pdf", "ementa": "INFORMA\u00c7\u00d5ES - CAMPO DA AVIA\u00c7\u00c3O"}, {"id": "3484", "ano": "2017", "numero": "30", "tipo__sigla": "REQ", "tipo__descricao": "Requerimento", "autoria": "Rog\u00e9rinho do Karat\u00ea", "texto_original": "http://sapl.cambara.pr.leg.br/media/./sapl/public/materialegislativa/2017/3484/3484_texto_integral.pdf", "ementa": "INFORMA\u00c7\u00d5ES CART\u00c3O COORPORATIVO"}, {"id": "3486", "ano": "2017", "numero": "31", "tipo__sigla": "REQ", "tipo__descricao": "Requerimento", "autoria": "Raffaello Frascati", "texto_original": "http://sapl.cambara.pr.leg.br/media/./sapl/public/materialegislativa/2017/3486/3486_texto_integral.pdf", "ementa": "INFORMA\u00c7\u00c3O ESPECIALIDADES M\u00c9DICAS"}, {"id": "3485", "ano": "2017", "numero": "32", "tipo__sigla": "REQ", "tipo__descricao": "Requerimento", "autoria": "Raffaello Frascati", "texto_original": "http://sapl.cambara.pr.leg.br/media/./sapl/public/materialegislativa/2017/3485/3485_texto_integral.pdf", "ementa": "INFORMA\u00c7\u00c3O CIRURGIAS"}, {"id": "3487", "ano": "2017", "numero": "33", "tipo__sigla": "REQ", "tipo__descricao": "Requerimento", "autoria": "Raffaello Frascati", "texto_original": "http://sapl.cambara.pr.leg.br/media/./sapl/public/materialegislativa/2017/3487/3487_texto_integral.pdf", "ementa": "REQ_033_INFORMA\u00c7\u00c3O_DENTISTAS"}, {"id": "3488", "ano": "2017", "numero": "35", "tipo__sigla": "REQ", "tipo__descricao": "Requerimento", "autoria": "Tetinha", "texto_original": "http://sapl.cambara.pr.leg.br/media/./sapl/public/materialegislativa/2017/3488/3488_texto_integral.pdf", "ementa": "INFORMA\u00c7\u00c3O CONTRATOS LICITA\u00c7\u00c3O"}, {"id": "3489", "ano": "2017", "numero": "38", "tipo__sigla": "REQ", "tipo__descricao": "Requerimento", "autoria": "Rog\u00e9rinho do Karat\u00ea", "texto_original": "http://sapl.cambara.pr.leg.br/media/./sapl/public/materialegislativa/2017/3489/3489_texto_integral.pdf", "ementa": "INFORMA\u00c7\u00d5ES PREVID\u00caNCIA MUNICIPAL"}, {"id": "3490", "ano": "2017", "numero": "39", "tipo__sigla": "REQ", "tipo__descricao": "Requerimento", "autoria": "M\u00e1rcio Albertini", "texto_original": "http://sapl.cambara.pr.leg.br/media/./sapl/public/materialegislativa/2017/3490/3490_texto_integral.pdf", "ementa": "INFORMA\u00c7\u00d5ES PROJETO GIN\u00c1SIO DE ESPORTES"}, {"id": "3491", "ano": "2017", "numero": "40", "tipo__sigla": "REQ", "tipo__descricao": "Requerimento", "autoria": "M\u00e1rcio Albertini", "texto_original": "http://sapl.cambara.pr.leg.br/media/./sapl/public/materialegislativa/2017/3491/3491_texto_integral.pdf", "ementa": "INFORMA\u00c7\u00d5ES PROVID\u00caNCIAS ALAGAMENTOS"}, {"id": "3520", "ano": "2017", "numero": "41", "tipo__sigla": "REQ", "tipo__descricao": "Requerimento", "autoria": "Raffaello Frascati", "texto_original": "http://sapl.cambara.pr.leg.br/media/./sapl/public/materialegislativa/2017/3520/3520_texto_integral.pdf", "ementa": "INFORMA\u00c7\u00c3O POSTOS DE SA\u00daDE"}, {"id": "3521", "ano": "2017", "numero": "42", "tipo__sigla": "REQ", "tipo__descricao": "Requerimento", "autoria": "Walcir Joaquim", "texto_original": "http://sapl.cambara.pr.leg.br/media/./sapl/public/materialegislativa/2017/3521/3521_texto_integral.pdf", "ementa": "INFORMA\u00c7\u00d5ES LEIS EM APLICA\u00c7\u00c3O"}, {"id": "3522", "ano": "2017", "numero": "43", "tipo__sigla": "REQ", "tipo__descricao": "Requerimento", "autoria": "Walcir Joaquim", "texto_original": "http://sapl.cambara.pr.leg.br/media/./sapl/public/materialegislativa/2017/3522/3522_texto_integral.pdf", "ementa": "INFORMA\u00c7\u00d5ES SEC INFRAESTRUTURA LOTES_DISTRITO INDUSTRIAL VOTORANTIM"}, {"id": "3529", "ano": "2017", "numero": "44", "tipo__sigla": "REQ", "tipo__descricao": "Requerimento", "autoria": "Gil dos Anjos", "texto_original": "http://sapl.cambara.pr.leg.br/media/./sapl/public/materialegislativa/2017/3529/3529_texto_integral.pdf", "ementa": "SUPERINTEND\u00caNCIA DO PATRIM\u00d4NIO P\u00daBLICO DA UNI\u00c3O INFORMA\u00c7\u00d5ES CAMPO DA AVIA\u00c7\u00c3O"}, {"id": "3530", "ano": "2017", "numero": "45", "tipo__sigla": "REQ", "tipo__descricao": "Requerimento", "autoria": "Angelo Raia (Zoinho)", "texto_original": "http://sapl.cambara.pr.leg.br/media/./sapl/public/materialegislativa/2017/3530/3530_texto_integral.pdf", "ementa": "DEPUTADO ESTADUAL COBRA COBERTORES CRAS"}, {"id": "3531", "ano": "2017", "numero": "46", "tipo__sigla": "REQ", "tipo__descricao": "Requerimento", "autoria": "Gil dos Anjos", "texto_original": "http://sapl.cambara.pr.leg.br/media/./sapl/public/materialegislativa/2017/3531/3531_texto_integral.pdf", "ementa": "SEDU RATINHO JUNIOR EMENDA"}, {"id": "3532", "ano": "2017", "numero": "47", "tipo__sigla": "REQ", "tipo__descricao": "Requerimento", "autoria": "Gil dos Anjos, M\u00e1rcio Albertini, Walcir Joaquim", "texto_original": "http://sapl.cambara.pr.leg.br/media/./sapl/public/materialegislativa/2017/3532/3532_texto_integral.pdf", "ementa": "INFORMA\u00c7\u00d5ES ACIDENTE CARRO DA SA\u00daDE"}, {"id": "3533", "ano": "2017", "numero": "48", "tipo__sigla": "REQ", "tipo__descricao": "Requerimento", "autoria": "Gil dos Anjos, M\u00e1rcio Albertini, Walcir Joaquim", "texto_original": "http://sapl.cambara.pr.leg.br/media/./sapl/public/materialegislativa/2017/3533/3533_texto_integral.pdf", "ementa": "INFORMA\u00c7\u00d5ES TERRENOS MORADA DO SOL LIMPEZA"}, {"id": "3534", "ano": "2017", "numero": "49", "tipo__sigla": "REQ", "tipo__descricao": "Requerimento", "autoria": "Gil dos Anjos, Cris Liga, M\u00e1rcio Albertini, Walcir Joaquim", "texto_original": "http://sapl.cambara.pr.leg.br/media/./sapl/public/materialegislativa/2017/3534/3534_texto_integral.pdf", "ementa": "SEDU RATINHO JUNIOR EMENDA E RA\u00c7\u00c3O"}, {"id": "3535", "ano": "2017", "numero": "50", "tipo__sigla": "REQ", "tipo__descricao": "Requerimento", "autoria": "Walcir Joaquim, Cris Liga, Gil dos Anjos, M\u00e1rcio Albertini", "texto_original": "http://sapl.cambara.pr.leg.br/media/./sapl/public/materialegislativa/2017/3535/3535_texto_integral.pdf", "ementa": "DEP. ESTADUAL EVANDRO JUNIOR RA\u00c7\u00c3O"}, {"id": "3536", "ano": "2017", "numero": "51", "tipo__sigla": "REQ", "tipo__descricao": "Requerimento", "autoria": "Jair Antonio da Silva", "texto_original": "http://sapl.cambara.pr.leg.br/media/./sapl/public/materialegislativa/2017/3536/3536_texto_integral.pdf", "ementa": "INFORMA\u00c7\u00d5ES CISNORPI D\u00c9BITOS"}, {"id": "3537", "ano": "2017", "numero": "52", "tipo__sigla": "REQ", "tipo__descricao": "Requerimento", "autoria": "Angelo Raia (Zoinho)", "texto_original": "http://sapl.cambara.pr.leg.br/media/./sapl/public/materialegislativa/2017/3537/3537_texto_integral.pdf", "ementa": "DEPUTADO ESTADUAL COBRA VAN SEC. ESPORTES"}, {"id": "3538", "ano": "2017", "numero": "53", "tipo__sigla": "REQ", "tipo__descricao": "Requerimento", "autoria": "Walcir Joaquim, Gil dos Anjos, M\u00e1rcio Albertini", "texto_original": "http://sapl.cambara.pr.leg.br/media/./sapl/public/materialegislativa/2017/3538/3538_texto_integral.pdf", "ementa": "INFORMA\u00c7\u00d5ES TAXAS"}, {"id": "3555", "ano": "2017", "numero": "54", "tipo__sigla": "REQ", "tipo__descricao": "Requerimento", "autoria": "Gil dos Anjos", "texto_original": "http://sapl.cambara.pr.leg.br/media/./sapl/public/materialegislativa/2017/3555/3555_texto_integral.pdf", "ementa": "INFORMA\u00c7\u00d5ES PRAZO CASAS SITUA\u00c7\u00c3O"}, {"id": "3556", "ano": "2017", "numero": "55", "tipo__sigla": "REQ", "tipo__descricao": "Requerimento", "autoria": "Tetinha", "texto_original": "http://sapl.cambara.pr.leg.br/media/./sapl/public/materialegislativa/2017/3556/3556_texto_integral.pdf", "ementa": "CONVOCA\u00c7\u00c3O"}, {"id": "3557", "ano": "2017", "numero": "56", "tipo__sigla": "REQ", "tipo__descricao": "Requerimento", "autoria": "Walcir Joaquim, Gil dos Anjos, M\u00e1rcio Albertini", "texto_original": "http://sapl.cambara.pr.leg.br/media/./sapl/public/materialegislativa/2017/3557/3557_texto_integral.pdf", "ementa": "INFORMA\u00c7OES VE\u00cdCULOS"}, {"id": "3573", "ano": "2017", "numero": "57", "tipo__sigla": "REQ", "tipo__descricao": "Requerimento", "autoria": "Gil dos Anjos", "texto_original": "http://sapl.cambara.pr.leg.br/media/./sapl/public/materialegislativa/2017/3573/3573_texto_integral.pdf", "ementa": "INFORMA\u00c7\u00d5ES SALDO CONTAS PREFEITURA"}, {"id": "3574", "ano": "2017", "numero": "58", "tipo__sigla": "REQ", "tipo__descricao": "Requerimento", "autoria": "Gil dos Anjos", "texto_original": "http://sapl.cambara.pr.leg.br/media/./sapl/public/materialegislativa/2017/3574/3574_texto_integral.pdf", "ementa": "INFORMA\u00c7\u00d5ES MOTORISTAS HABILITA\u00c7\u00c3O"}, {"id": "3575", "ano": "2017", "numero": "59", "tipo__sigla": "REQ", "tipo__descricao": "Requerimento", "autoria": "Gil dos Anjos", "texto_original": "http://sapl.cambara.pr.leg.br/media/./sapl/public/materialegislativa/2017/3575/3575_texto_integral.pdf", "ementa": "INFORMA\u00c7\u00d5ES FOLHA DE PAGAMENTO"}, {"id": "3576", "ano": "2017", "numero": "60", "tipo__sigla": "REQ", "tipo__descricao": "Requerimento", "autoria": "Rog\u00e9rinho do Karat\u00ea", "texto_original": "http://sapl.cambara.pr.leg.br/media/./sapl/public/materialegislativa/2017/3576/3576_texto_integral.pdf", "ementa": "SANEPAR ACORDO RESIDUOS FECAIS"}, {"id": "3577", "ano": "2017", "numero": "61", "tipo__sigla": "REQ", "tipo__descricao": "Requerimento", "autoria": "Rog\u00e9rinho do Karat\u00ea", "texto_original": "http://sapl.cambara.pr.leg.br/media/./sapl/public/materialegislativa/2017/3577/3577_texto_integral.pdf", "ementa": "SANEPAR ARRECADA\u00c7\u00c3O"}, {"id": "3591", "ano": "2017", "numero": "63", "tipo__sigla": "REQ", "tipo__descricao": "Requerimento", "autoria": "Walcir Joaquim, Cris Liga, Gil dos Anjos, M\u00e1rcio Albertini", "texto_original": "http://sapl.cambara.pr.leg.br/media/./sapl/public/materialegislativa/2017/3591/3591_texto_integral.pdf", "ementa": "NOTIFICA\u00c7\u00d5ES TERRENOS"}, {"id": "3592", "ano": "2017", "numero": "64", "tipo__sigla": "REQ", "tipo__descricao": "Requerimento", "autoria": "Walcir Joaquim, Gil dos Anjos, M\u00e1rcio Albertini", "texto_original": "http://sapl.cambara.pr.leg.br/media/./sapl/public/materialegislativa/2017/3592/3592_texto_integral.pdf", "ementa": "REITERA\u00c7\u00c3O 53 INFORMA\u00c7\u00d5ES TAXAS"}, {"id": "3593", "ano": "2017", "numero": "65", "tipo__sigla": "REQ", "tipo__descricao": "Requerimento", "autoria": "Walcir Joaquim, Cris Liga, Gil dos Anjos, M\u00e1rcio Albertini", "texto_original": "http://sapl.cambara.pr.leg.br/media/./sapl/public/materialegislativa/2017/3593/3593_texto_integral.pdf", "ementa": "COPEL"}, {"id": "3594", "ano": "2017", "numero": "66", "tipo__sigla": "REQ", "tipo__descricao": "Requerimento", "autoria": "Walcir Joaquim, Cris Liga, Gil dos Anjos, M\u00e1rcio Albertini", "texto_original": "http://sapl.cambara.pr.leg.br/media/./sapl/public/materialegislativa/2017/3594/3594_texto_integral.pdf", "ementa": "COSIP"}, {"id": "3595", "ano": "2017", "numero": "67", "tipo__sigla": "REQ", "tipo__descricao": "Requerimento", "autoria": "Tetinha", "texto_original": "http://sapl.cambara.pr.leg.br/media/./sapl/public/materialegislativa/2017/3595/3595_texto_integral.pdf", "ementa": "INFORMA\u00c7\u00d5ES CONSELHOS"}, {"id": "3596", "ano": "2017", "numero": "69", "tipo__sigla": "REQ", "tipo__descricao": "Requerimento", "autoria": "Rog\u00e9rinho do Karat\u00ea", "texto_original": "http://sapl.cambara.pr.leg.br/media/./sapl/public/materialegislativa/2017/3596/3596_texto_integral.pdf", "ementa": "SANEPAR VALOR M\u00cdNIMO"}, {"id": "3597", "ano": "2017", "numero": "70", "tipo__sigla": "REQ", "tipo__descricao": "Requerimento", "autoria": "M\u00e1rcio Albertini", "texto_original": "http://sapl.cambara.pr.leg.br/media/./sapl/public/materialegislativa/2017/3597/3597_texto_integral.pdf", "ementa": "INFORMA\u00c7\u00d5ES CAMINH\u00c3O RECICLAGEM"}, {"id": "3598", "ano": "2017", "numero": "71", "tipo__sigla": "REQ", "tipo__descricao": "Requerimento", "autoria": "Tetinha", "texto_original": "http://sapl.cambara.pr.leg.br/media/./sapl/public/materialegislativa/2017/3598/3598_texto_integral.pdf", "ementa": "INFORMA\u00c7\u00d5ES DISCUSS\u00c3O INDICA\u00c7\u00c3O"}, {"id": "3599", "ano": "2017", "numero": "73", "tipo__sigla": "REQ", "tipo__descricao": "Requerimento", "autoria": "Walcir Joaquim, Gil dos Anjos, M\u00e1rcio Albertini", "texto_original": "http://sapl.cambara.pr.leg.br/media/./sapl/public/materialegislativa/2017/3599/3599_texto_integral.pdf", "ementa": "COMPRA DIRETA"}, {"id": "3653", "ano": "2017", "numero": "74", "tipo__sigla": "REQ", "tipo__descricao": "Requerimento", "autoria": "Jair Antonio da Silva", "texto_original": "http://sapl.cambara.pr.leg.br/media/./sapl/public/materialegislativa/2017/3653/3653_texto_integral.pdf", "ementa": "INFORMA\u00c7\u00d5ES COHAPAR CASAS"}, {"id": "3671", "ano": "2017", "numero": "75", "tipo__sigla": "REQ", "tipo__descricao": "Requerimento", "autoria": "Gil dos Anjos, Cris Liga, M\u00e1rcio Albertini, Raffaello Frascati, Walcir Joaquim", "texto_original": "http://sapl.cambara.pr.leg.br/media/./sapl/public/materialegislativa/2017/3671/3671_texto_integral.pdf", "ementa": "INFORMA\u00c7\u00d5ES VE\u00cdCULOS"}, {"id": "3697", "ano": "2017", "numero": "76", "tipo__sigla": "REQ", "tipo__descricao": "Requerimento", "autoria": "Walcir Joaquim, Cris Liga, Gil dos Anjos, M\u00e1rcio Albertini", "texto_original": "http://sapl.cambara.pr.leg.br/media/./sapl/public/materialegislativa/2017/3697/3697_texto_integral.pdf", "ementa": "INFORMA\u00c7\u00d5ES LICITA\u00c7\u00c3O"}, {"id": "3698", "ano": "2017", "numero": "77", "tipo__sigla": "REQ", "tipo__descricao": "Requerimento", "autoria": "Walcir Joaquim, Cris Liga, Gil dos Anjos, M\u00e1rcio Albertini", "texto_original": "http://sapl.cambara.pr.leg.br/media/./sapl/public/materialegislativa/2017/3698/3698_texto_integral.pdf", "ementa": "INFORMA\u00c7\u00d5ES T\u00c9CNICO EM RAIO X"}, {"id": "3699", "ano": "2017", "numero": "78", "tipo__sigla": "REQ", "tipo__descricao": "Requerimento", "autoria": "Walcir Joaquim, Gil dos Anjos, M\u00e1rcio Albertini", "texto_original": "http://sapl.cambara.pr.leg.br/media/./sapl/public/materialegislativa/2017/3699/3699_texto_integral.pdf", "ementa": "INFORMA\u00c7\u00d5ES CAMINH\u00c3O RECICLAGEM"}, {"id": "3700", "ano": "2017", "numero": "79", "tipo__sigla": "REQ", "tipo__descricao": "Requerimento", "autoria": "Walcir Joaquim, Gil dos Anjos, M\u00e1rcio Albertini", "texto_original": "http://sapl.cambara.pr.leg.br/media/./sapl/public/materialegislativa/2017/3700/3700_texto_integral.pdf", "ementa": "INFORMA\u00c7\u00d5ES PROCESSO LICITA\u00c7\u00c3O 1980-2017"}, {"id": "3701", "ano": "2017", "numero": "80", "tipo__sigla": "REQ", "tipo__descricao": "Requerimento", "autoria": "Walcir Joaquim, Gil dos Anjos, M\u00e1rcio Albertini", "texto_original": "http://sapl.cambara.pr.leg.br/media/./sapl/public/materialegislativa/2017/3701/3701_texto_integral.pdf", "ementa": "INFORMA\u00c7\u00d5ES PROCESSO LICITA\u00c7\u00c3O 2006-2017"}, {"id": "3705", "ano": "2017", "numero": "81", "tipo__sigla": "REQ", "tipo__descricao": "Requerimento", "autoria": "Gil dos Anjos", "texto_original": "http://sapl.cambara.pr.leg.br/media/./sapl/public/materialegislativa/2017/3705/3705_texto_integral.pdf", "ementa": "INFORMA\u00c7\u00d5ES EMENDAS APLICA\u00c7\u00c3O"}, {"id": "3706", "ano": "2017", "numero": "82", "tipo__sigla": "REQ", "tipo__descricao": "Requerimento", "autoria": "Angelo Raia (Zoinho)", "texto_original": "http://sapl.cambara.pr.leg.br/media/./sapl/public/materialegislativa/2017/3706/3706_texto_integral.pdf", "ementa": "INFORMA\u00c7\u00c3O NUTRICIONISTA"}, {"id": "3707", "ano": "2017", "numero": "83", "tipo__sigla": "REQ", "tipo__descricao": "Requerimento", "autoria": "Walcir Joaquim, Cris Liga, Gil dos Anjos, M\u00e1rcio Albertini", "texto_original": "http://sapl.cambara.pr.leg.br/media/./sapl/public/materialegislativa/2017/3707/3707_texto_integral.pdf", "ementa": "INFORMA\u00c7\u00d5ES DISTRITO INDUSTRIAL III"}, {"id": "3708", "ano": "2017", "numero": "84", "tipo__sigla": "REQ", "tipo__descricao": "Requerimento", "autoria": "Walcir Joaquim, Cris Liga, Gil dos Anjos, M\u00e1rcio Albertini", "texto_original": "http://sapl.cambara.pr.leg.br/media/./sapl/public/materialegislativa/2017/3708/3708_texto_integral.pdf", "ementa": "INFORMA\u00c7\u00d5ES IM\u00d3VEIS"}, {"id": "3709", "ano": "2017", "numero": "85", "tipo__sigla": "REQ", "tipo__descricao": "Requerimento", "autoria": "Walcir Joaquim, Gil dos Anjos, M\u00e1rcio Albertini", "texto_original": "http://sapl.cambara.pr.leg.br/media/./sapl/public/materialegislativa/2017/3709/3709_texto_integral.pdf", "ementa": "INFORMA\u00c7\u00d5ES PROCESSO LICITA\u00c7\u00c3O ATUARIAL"}, {"id": "3710", "ano": "2017", "numero": "86", "tipo__sigla": "REQ", "tipo__descricao": "Requerimento", "autoria": "Walcir Joaquim, Gil dos Anjos, M\u00e1rcio Albertini", "texto_original": "http://sapl.cambara.pr.leg.br/media/./sapl/public/materialegislativa/2017/3710/3710_texto_integral.pdf", "ementa": "INFORMA\u00c7\u00d5ES PROCESSO LICITA\u00c7\u00c3O ILUMINA\u00c7\u00c3O PARQUES"}, {"id": "3711", "ano": "2017", "numero": "87", "tipo__sigla": "REQ", "tipo__descricao": "Requerimento", "autoria": "Walcir Joaquim, Gil dos Anjos, M\u00e1rcio Albertini", "texto_original": "http://sapl.cambara.pr.leg.br/media/./sapl/public/materialegislativa/2017/3711/3711_texto_integral.pdf", "ementa": "INFORMA\u00c7\u00d5ES COMPRA DIRETA AGOSTO"}, {"id": "3734", "ano": "2017", "numero": "88", "tipo__sigla": "REQ", "tipo__descricao": "Requerimento", "autoria": "M\u00e1rcio Albertini, Cris Liga, Gil dos Anjos, Walcir Joaquim", "texto_original": "http://sapl.cambara.pr.leg.br/media/./sapl/public/materialegislativa/2017/3734/3734_texto_integral.pdf", "ementa": "REITERA\u00c7\u00c3O 068 COMUTRAN"}, {"id": "3735", "ano": "2017", "numero": "89", "tipo__sigla": "REQ", "tipo__descricao": "Requerimento", "autoria": "M\u00e1rcio Albertini, Cris Liga, Gil dos Anjos, Walcir Joaquim", "texto_original": "http://sapl.cambara.pr.leg.br/media/./sapl/public/materialegislativa/2017/3735/3735_texto_integral.pdf", "ementa": "PREFEITURA NOS BAIRROS"}, {"id": "3736", "ano": "2017", "numero": "90", "tipo__sigla": "REQ", "tipo__descricao": "Requerimento", "autoria": "Walcir Joaquim, Gil dos Anjos, M\u00e1rcio Albertini", "texto_original": "http://sapl.cambara.pr.leg.br/media/./sapl/public/materialegislativa/2017/3736/3736_texto_integral.pdf", "ementa": "INFORMA\u00c7\u00d5ES PROCESSO LICITA\u00c7\u00c3O ATUARIAL"}, {"id": "3752", "ano": "2017", "numero": "91", "tipo__sigla": "REQ", "tipo__descricao": "Requerimento", "autoria": "Tetinha", "texto_original": "http://sapl.cambara.pr.leg.br/media/./sapl/public/materialegislativa/2017/3752/3752_texto_integral.pdf", "ementa": "REITERA\u00c7\u00c3O 072 INFORMA\u00c7\u00d5ES CONSELHOS"}, {"id": "3753", "ano": "2017", "numero": "92", "tipo__sigla": "REQ", "tipo__descricao": "Requerimento", "autoria": "Tetinha", "texto_original": "http://sapl.cambara.pr.leg.br/media/./sapl/public/materialegislativa/2017/3753/3753_texto_integral.pdf", "ementa": "REITERA\u00c7\u00c3O 035 INFORMA\u00c7\u00c3O CONTRATOS LICITA\u00c7\u00c3O"}, {"id": "3754", "ano": "2017", "numero": "93", "tipo__sigla": "REQ", "tipo__descricao": "Requerimento", "autoria": "Tetinha, Angelo Raia (Zoinho), Cris Liga, Jair Antonio da Silva, Raffaello Frascati, Rog\u00e9rinho do Karat\u00ea", "texto_original": "http://sapl.cambara.pr.leg.br/media/./sapl/public/materialegislativa/2017/3754/3754_texto_integral.pdf", "ementa": "INFORMA\u00c7\u00c3O LIMITE PRUDENCIAL REAJUSTE REAL"}, {"id": "3755", "ano": "2017", "numero": "94", "tipo__sigla": "REQ", "tipo__descricao": "Requerimento", "autoria": "Walcir Joaquim, Cris Liga, Gil dos Anjos, M\u00e1rcio Albertini", "texto_original": "http://sapl.cambara.pr.leg.br/media/./sapl/public/materialegislativa/2017/3755/3755_texto_integral.pdf", "ementa": "INFORMA\u00c7\u00c3O DEVEDORES TRIBUTOS"}, {"id": "3756", "ano": "2017", "numero": "95", "tipo__sigla": "REQ", "tipo__descricao": "Requerimento", "autoria": "Walcir Joaquim, Cris Liga, Gil dos Anjos, M\u00e1rcio Albertini", "texto_original": "http://sapl.cambara.pr.leg.br/media/./sapl/public/materialegislativa/2017/3756/3756_texto_integral.pdf", "ementa": "INFORMA\u00c7\u00c3O GOVERNO ESTADUAL REFORMA SILVIO TAVARES"}, {"id": "3772", "ano": "2017", "numero": "96", "tipo__sigla": "REQ", "tipo__descricao": "Requerimento", "autoria": "Rog\u00e9rinho do Karat\u00ea", "texto_original": "http://sapl.cambara.pr.leg.br/media/./sapl/public/materialegislativa/2017/3772/3772_texto_integral.pdf", "ementa": "SEC. SA\u00daDE INFORMA\u00c7\u00d5ES"}, {"id": "3801", "ano": "2017", "numero": "97", "tipo__sigla": "REQ", "tipo__descricao": "Requerimento", "autoria": "Walcir Joaquim, Cris Liga, Gil dos Anjos, M\u00e1rcio Albertini", "texto_original": "http://sapl.cambara.pr.leg.br/media/./sapl/public/materialegislativa/2017/3801/3801_texto_integral.pdf", "ementa": "INFORMA\u00c7\u00d5ES LEI"}, {"id": "3802", "ano": "2017", "numero": "98", "tipo__sigla": "REQ", "tipo__descricao": "Requerimento", "autoria": "Walcir Joaquim, Cris Liga, Gil dos Anjos, M\u00e1rcio Albertini", "texto_original": "http://sapl.cambara.pr.leg.br/media/./sapl/public/materialegislativa/2017/3802/3802_texto_integral.pdf", "ementa": "LISTA DE ESPERA EXAMES"}, {"id": "3803", "ano": "2017", "numero": "99", "tipo__sigla": "REQ", "tipo__descricao": "Requerimento", "autoria": "Walcir Joaquim, Cris Liga, Gil dos Anjos, M\u00e1rcio Albertini", "texto_original": "http://sapl.cambara.pr.leg.br/media/./sapl/public/materialegislativa/2017/3803/3803_texto_integral.pdf", "ementa": "MEDICAMENTOS"}, {"id": "3805", "ano": "2017", "numero": "105", "tipo__sigla": "REQ", "tipo__descricao": "Requerimento", "autoria": "Raffaello Frascati, Tetinha", "texto_original": "http://sapl.cambara.pr.leg.br/media/./sapl/public/materialegislativa/2017/3805/3805_texto_integral.pdf", "ementa": "INFORMA\u00c7\u00c3O C\u00c2MARA PLANO DE CARREIRA"}, {"id": "3806", "ano": "2017", "numero": "106", "tipo__sigla": "REQ", "tipo__descricao": "Requerimento", "autoria": "Walcir Joaquim, Cris Liga, Gil dos Anjos, M\u00e1rcio Albertini", "texto_original": "http://sapl.cambara.pr.leg.br/media/./sapl/public/materialegislativa/2017/3806/3806_texto_integral.pdf", "ementa": "CAIXAS ELETR\u00d4NICOS"}, {"id": "3807", "ano": "2017", "numero": "107", "tipo__sigla": "REQ", "tipo__descricao": "Requerimento", "autoria": "Walcir Joaquim, Cris Liga, Gil dos Anjos, M\u00e1rcio Albertini", "texto_original": "http://sapl.cambara.pr.leg.br/media/./sapl/public/materialegislativa/2017/3807/3807_texto_integral.pdf", "ementa": "INFORMA\u00c7\u00c3O SOBRE OCORR\u00caNCIA DE CRIAN\u00c7AS"}, {"id": "3808", "ano": "2017", "numero": "108", "tipo__sigla": "REQ", "tipo__descricao": "Requerimento", "autoria": "Walcir Joaquim, Cris Liga, Gil dos Anjos, M\u00e1rcio Albertini", "texto_original": "http://sapl.cambara.pr.leg.br/media/./sapl/public/materialegislativa/2017/3808/3808_texto_integral.pdf", "ementa": "SISTEMA DE INC\u00caNDIO NAS ESCOLAS"}, {"id": "3811", "ano": "2017", "numero": "109", "tipo__sigla": "REQ", "tipo__descricao": "Requerimento", "autoria": "Walcir Joaquim, Cris Liga, Gil dos Anjos, M\u00e1rcio Albertini", "texto_original": "http://sapl.cambara.pr.leg.br/media/./sapl/public/materialegislativa/2017/3811/3811_texto_integral.pdf", "ementa": "SOCORRISTA NAS ESCOLAS"}, {"id": "3809", "ano": "2017", "numero": "110", "tipo__sigla": "REQ", "tipo__descricao": "Requerimento", "autoria": "Gil dos Anjos", "texto_original": "http://sapl.cambara.pr.leg.br/media/./sapl/public/materialegislativa/2017/3809/3809_texto_integral.pdf", "ementa": "REITERA\u00c7\u00c3O 054 INFORMA\u00c7\u00d5ES PRAZO CASAS SITUA\u00c7\u00c3O"}, {"id": "3810", "ano": "2017", "numero": "111", "tipo__sigla": "REQ", "tipo__descricao": "Requerimento", "autoria": "Walcir Joaquim, Cris Liga, Gil dos Anjos, M\u00e1rcio Albertini", "texto_original": "http://sapl.cambara.pr.leg.br/media/./sapl/public/materialegislativa/2017/3810/3810_texto_integral.pdf", "ementa": "LICITA\u00c7\u00c3O ATUARIO"}, {"id": "3849", "ano": "2017", "numero": "112", "tipo__sigla": "REQ", "tipo__descricao": "Requerimento", "autoria": "M\u00e1rcio Albertini, Gil dos Anjos, Walcir Joaquim", "texto_original": "http://sapl.cambara.pr.leg.br/media/./sapl/public/materialegislativa/2017/3849/3849_texto_integral.pdf", "ementa": "INFORMA\u00c7OES DISPENSA DE LICITA\u00c7\u00c3O"}, {"id": "3871", "ano": "2017", "numero": "113", "tipo__sigla": "REQ", "tipo__descricao": "Requerimento", "autoria": "Walcir Joaquim, Gil dos Anjos, M\u00e1rcio Albertini", "texto_original": "http://sapl.cambara.pr.leg.br/media/./sapl/public/materialegislativa/2017/3871/3871_texto_integral.pdf", "ementa": "INFORMA\u00c7\u00d5ES EMPRESA TERCEIRIZADA DE ILUMINA\u00c7\u00c3O"}, {"id": "3872", "ano": "2017", "numero": "114", "tipo__sigla": "REQ", "tipo__descricao": "Requerimento", "autoria": "Gil dos Anjos", "texto_original": "http://sapl.cambara.pr.leg.br/media/./sapl/public/materialegislativa/2017/3872/3872_texto_integral.pdf", "ementa": "INFORMA\u00c7\u00d5ES CESTAS B\u00c1SICAS"}, {"id": "3873", "ano": "2017", "numero": "115", "tipo__sigla": "REQ", "tipo__descricao": "Requerimento", "autoria": "Walcir Joaquim, Cris Liga, Gil dos Anjos, M\u00e1rcio Albertini", "texto_original": "http://sapl.cambara.pr.leg.br/media/./sapl/public/materialegislativa/2017/3873/3873_texto_integral.pdf", "ementa": "EXAME DE VISTA NAS ESCOLAS"}, {"id": "3874", "ano": "2017", "numero": "116", "tipo__sigla": "REQ", "tipo__descricao": "Requerimento", "autoria": "Walcir Joaquim, Cris Liga, Gil dos Anjos, M\u00e1rcio Albertini", "texto_original": "http://sapl.cambara.pr.leg.br/media/./sapl/public/materialegislativa/2017/3874/3874_texto_integral.pdf", "ementa": "PSICOLOGO NAS ESCOLAS"}, {"id": "3875", "ano": "2017", "numero": "117", "tipo__sigla": "REQ", "tipo__descricao": "Requerimento", "autoria": "Walcir Joaquim, Cris Liga, Gil dos Anjos, M\u00e1rcio Albertini", "texto_original": "http://sapl.cambara.pr.leg.br/media/./sapl/public/materialegislativa/2017/3875/3875_texto_integral.pdf", "ementa": "ISS"}, {"id": "3878", "ano": "2017", "numero": "118", "tipo__sigla": "REQ", "tipo__descricao": "Requerimento", "autoria": "Gil dos Anjos", "texto_original": "http://sapl.cambara.pr.leg.br/media/./sapl/public/materialegislativa/2017/3878/3878_texto_integral.pdf", "ementa": "INFORMA\u00c7\u00d5ES SEC. AGRICULTURA EMPEDRAMENTOS"}, {"id": "3879", "ano": "2017", "numero": "119", "tipo__sigla": "REQ", "tipo__descricao": "Requerimento", "autoria": "Tetinha", "texto_original": "http://sapl.cambara.pr.leg.br/media/./sapl/public/materialegislativa/2017/3879/3879_texto_integral.pdf", "ementa": "INFORMA\u00c7\u00c3O COMBUST\u00cdVEL"}, {"id": "3880", "ano": "2017", "numero": "120", "tipo__sigla": "REQ", "tipo__descricao": "Requerimento", "autoria": "Tetinha", "texto_original": "http://sapl.cambara.pr.leg.br/media/./sapl/public/materialegislativa/2017/3880/3880_texto_integral.pdf", "ementa": "INFORMA\u00c7\u00c3O CONSUMO DE \u00d3LEO"}, {"id": "3906", "ano": "2017", "numero": "121", "tipo__sigla": "REQ", "tipo__descricao": "Requerimento", "autoria": "Raffaello Frascati, Jair Antonio da Silva, Tetinha", "texto_original": "http://sapl.cambara.pr.leg.br/media/./sapl/public/materialegislativa/2017/3906/3906_texto_integral.pdf", "ementa": "INFORMA\u00c7\u00c3O REITERADA PELO 01-2017"}, {"id": "3917", "ano": "2017", "numero": "123", "tipo__sigla": "REQ", "tipo__descricao": "Requerimento", "autoria": "Raffaello Frascati", "texto_original": "http://sapl.cambara.pr.leg.br/media/./sapl/public/materialegislativa/2017/3917/3917_texto_integral.pdf", "ementa": "INFORMA\u00c7\u00c3O C\u00c2MARA REGISTRO DE PONTO"}, {"id": "3918", "ano": "2017", "numero": "124", "tipo__sigla": "REQ", "tipo__descricao": "Requerimento", "autoria": "Gil dos Anjos, M\u00e1rcio Albertini, Walcir Joaquim", "texto_original": "http://sapl.cambara.pr.leg.br/media/./sapl/public/materialegislativa/2017/3918/3918_texto_integral.pdf", "ementa": "INFORMA\u00c7\u00d5ES DOA\u00c7\u00d5ES"}, {"id": "3919", "ano": "2017", "numero": "125", "tipo__sigla": "REQ", "tipo__descricao": "Requerimento", "autoria": "Gil dos Anjos, M\u00e1rcio Albertini, Walcir Joaquim", "texto_original": "http://sapl.cambara.pr.leg.br/media/./sapl/public/materialegislativa/2017/3919/3919_texto_integral.pdf", "ementa": "REITERA\u00c7\u00c3O 114 INFORMA\u00c7\u00d5ES CESTAS B\u00c1SICAS"}, {"id": "3920", "ano": "2017", "numero": "126", "tipo__sigla": "REQ", "tipo__descricao": "Requerimento", "autoria": "Walcir Joaquim, Gil dos Anjos, M\u00e1rcio Albertini", "texto_original": "http://sapl.cambara.pr.leg.br/media/./sapl/public/materialegislativa/2017/3920/3920_texto_integral.pdf", "ementa": "LICITA\u00c7\u00c3O 52-2017"}, {"id": "3931", "ano": "2017", "numero": "127", "tipo__sigla": "REQ", "tipo__descricao": "Requerimento", "autoria": "Gil dos Anjos, M\u00e1rcio Albertini, Walcir Joaquim", "texto_original": "http://sapl.cambara.pr.leg.br/media/./sapl/public/materialegislativa/2017/3931/3931_texto_integral.pdf", "ementa": "INFORMA\u00c7\u00d5ES_SUBSIDIO DOS ESTUDANTES"}, {"id": "3932", "ano": "2017", "numero": "128", "tipo__sigla": "REQ", "tipo__descricao": "Requerimento", "autoria": "Walcir Joaquim, Gil dos Anjos, M\u00e1rcio Albertini", "texto_original": "http://sapl.cambara.pr.leg.br/media/./sapl/public/materialegislativa/2017/3932/3932_texto_integral.pdf", "ementa": "INFORMA\u00c7\u00d5ES APONTAMENTOS TCE"}, {"id": "3933", "ano": "2017", "numero": "129", "tipo__sigla": "REQ", "tipo__descricao": "Requerimento", "autoria": "Walcir Joaquim, Gil dos Anjos, M\u00e1rcio Albertini", "texto_original": "http://sapl.cambara.pr.leg.br/media/./sapl/public/materialegislativa/2017/3933/3933_texto_integral.pdf", "ementa": "INFORMA\u00c7\u00d5ES INCENTIVO EMPRESAS"}, {"id": "3940", "ano": "2017", "numero": "130", "tipo__sigla": "REQ", "tipo__descricao": "Requerimento", "autoria": "Walcir Joaquim, Gil dos Anjos, M\u00e1rcio Albertini", "texto_original": "http://sapl.cambara.pr.leg.br/media/./sapl/public/materialegislativa/2017/3940/3940_texto_integral.pdf", "ementa": "INFORMA\u00c7\u00d5ES ELEI\u00c7\u00c3O DIRETORES"}, {"id": "3952", "ano": "2017", "numero": "131", "tipo__sigla": "REQ", "tipo__descricao": "Requerimento", "autoria": "Walcir Joaquim, Gil dos Anjos, M\u00e1rcio Albertini", "texto_original": "http://sapl.cambara.pr.leg.br/media/./sapl/public/materialegislativa/2017/3952/3952_texto_integral.pdf", "ementa": "DISPENSA DE LICITA\u00c7\u00c3O"}, {"id": "3953", "ano": "2017", "numero": "132", "tipo__sigla": "REQ", "tipo__descricao": "Requerimento", "autoria": "Walcir Joaquim, Gil dos Anjos, M\u00e1rcio Albertini", "texto_original": "http://sapl.cambara.pr.leg.br/media/./sapl/public/materialegislativa/2017/3953/3953_texto_integral.pdf", "ementa": "CRONOGRAMA OBRAS NOVA CAMBAR\u00c1"}, {"id": "3954", "ano": "2017", "numero": "133", "tipo__sigla": "REQ", "tipo__descricao": "Requerimento", "autoria": "Walcir Joaquim, Gil dos Anjos, M\u00e1rcio Albertini", "texto_original": "http://sapl.cambara.pr.leg.br/media/./sapl/public/materialegislativa/2017/3954/3954_texto_integral.pdf", "ementa": "SORO ANTIOF\u00cdDICO"}, {"id": "3972", "ano": "2017", "numero": "134", "tipo__sigla": "REQ", "tipo__descricao": "Requerimento", "autoria": "Walcir Joaquim, Gil dos Anjos, M\u00e1rcio Albertini", "texto_original": "http://sapl.cambara.pr.leg.br/media/./sapl/public/materialegislativa/2017/3972/3972_texto_integral.pdf", "ementa": "REQUERIMENTO PROFESSORAS"}, {"id": "3973", "ano": "2017", "numero": "135", "tipo__sigla": "REQ", "tipo__descricao": "Requerimento", "autoria": "Walcir Joaquim, Gil dos Anjos, M\u00e1rcio Albertini", "texto_original": "http://sapl.cambara.pr.leg.br/media/./sapl/public/materialegislativa/2017/3973/3973_texto_integral.pdf", "ementa": "INFORMA\u00c7\u00d5ES CRONOGRAMA DE A\u00c7\u00c3O ENCHENTE"}, {"id": "3974", "ano": "2017", "numero": "136", "tipo__sigla": "REQ", "tipo__descricao": "Requerimento", "autoria": "Walcir Joaquim, Gil dos Anjos, M\u00e1rcio Albertini", "texto_original": "http://sapl.cambara.pr.leg.br/media/./sapl/public/materialegislativa/2017/3974/3974_texto_integral.pdf", "ementa": "INFORMA\u00c7\u00d5ES CRONOGRAMA ASSITENCIA SOCIAL"}, {"id": "3975", "ano": "2017", "numero": "137", "tipo__sigla": "REQ", "tipo__descricao": "Requerimento", "autoria": "Walcir Joaquim, Gil dos Anjos, M\u00e1rcio Albertini", "texto_original": "http://sapl.cambara.pr.leg.br/media/./sapl/public/materialegislativa/2017/3975/3975_texto_integral.pdf", "ementa": "INFORMA\u00c7\u00d5ES CRONOGRAMA PARQUE GONZAGA"}, {"id": "3976", "ano": "2017", "numero": "138", "tipo__sigla": "REQ", "tipo__descricao": "Requerimento", "autoria": "Walcir Joaquim, Gil dos Anjos, M\u00e1rcio Albertini", "texto_original": "http://sapl.cambara.pr.leg.br/media/./sapl/public/materialegislativa/2017/3976/3976_texto_integral.pdf", "ementa": "INFORMA\u00c7\u00d5ES RIO ALAMBARI"}, {"id": "3982", "ano": "2017", "numero": "139", "tipo__sigla": "REQ", "tipo__descricao": "Requerimento", "autoria": "Walcir Joaquim, Gil dos Anjos, M\u00e1rcio Albertini", "texto_original": "http://sapl.cambara.pr.leg.br/media/./sapl/public/materialegislativa/2017/3982/3982_texto_integral.pdf", "ementa": "INFORMA\u00c7\u00d5ES ELEI\u00c7\u00d5ES DIRETORA"}, {"id": "3986", "ano": "2017", "numero": "140", "tipo__sigla": "REQ", "tipo__descricao": "Requerimento", "autoria": "Gil dos Anjos, M\u00e1rcio Albertini, Walcir Joaquim", "texto_original": "http://sapl.cambara.pr.leg.br/media/./sapl/public/materialegislativa/2017/3986/3986_texto_integral.pdf", "ementa": "INFORMA\u00c7\u00d5ES CONTRATA\u00c7\u00c3O DENISE"}]}