{"id":2021,"__str__":"Lei Complementar n\u00ba 97, de 13 de novembro de 2019","link_detail_backend":"/norma/2021","metadata":{},"texto_integral":"http://sapl.cambara.pr.leg.br/media/sapl/public/normajuridica/2019/2021/lc_no_97_2019_-_alteracao_da_lei_complementar_92_2019.pdf","numero":"97","ano":2019,"esfera_federacao":"M","data":"2019-11-13","data_publicacao":null,"veiculo_publicacao":"","pagina_inicio_publicacao":null,"pagina_fim_publicacao":null,"ementa":"ALTERA DISPOSITIVOS DA LEI COMPLEMENTAR N\u00ba 92, DE 04 DE JUNHO DE 2019 QUE \"DISP\u00d5E SOBRE A ISEN\u00c7\u00c3O DE IPTU PARA IM\u00d3VEIS DE AT\u00c9 70M\u00b2 E AOS PORTADORES DE DOEN\u00c7AS GRAVES, BEM COMO REGULAMENTA A ISEN\u00c7\u00c3O DE IPTU PREVISTA NO ART. 9\u00ba DO ATO DAS DISPOSI\u00c7\u00d5ES TRANSIT\u00d3RIAS DA LEI ORG\u00c2NICA MUNICIPAL E D\u00c1 OUTRAS PROVID\u00caNCIAS","indexacao":"","observacao":"","complemento":true,"data_vigencia":null,"timestamp":"2019-11-22T08:25:55.217982-03:00","data_ultima_atualizacao":"2019-11-22T08:25:55.393299-03:00","ip":"189.76.192.130","ultima_edicao":null,"tipo":2,"materia":4945,"orgao":null,"user":28,"assuntos":[],"autores":[11]}