{"id":6961,"__str__":"Requerimento n\u00ba 1 de 2023","link_detail_backend":"/materia/6961","metadata":{},"numero":1,"ano":2023,"numero_protocolo":null,"data_apresentacao":"2023-01-05","tipo_apresentacao":"","data_publicacao":null,"numero_origem_externa":"","ano_origem_externa":null,"data_origem_externa":null,"apelido":"","dias_prazo":null,"data_fim_prazo":null,"em_tramitacao":true,"polemica":false,"objeto":"","complementar":false,"ementa":"Nos termos do artigo 111, inciso II, da Resolu\u00e7\u00e3o n\u00ba 08/96 \u2013 Regimento Interno, o vereador Walmir Joaquim, acompanhado pelos vereadores Karen Dadona e Marcio Jos\u00e9 Albertini, requerem a Vossa Excel\u00eancia, que se digne a enviar of\u00edcio ao Chefe do Executivo Municipal, senhor Jos\u00e9 Salim Haggi Neto, para que este determine ao setor competente da Administra\u00e7\u00e3o P\u00fablica, que, dentro do prazo legal (15 dias), informe a esta Casa de Leis:\r\n\r\n\u2022\tQual a previs\u00e3o para in\u00edcio das atividades do Departamento Municipal de Prote\u00e7\u00e3o e Defesa do Consumidor \u2013 PROCON/Cambar\u00e1. \r\n\u2022\tComo ocorrer\u00e1 o funcionamento da mesma, especificando local, hor\u00e1rio de atendimento e quantidade de servidores alocados.","indexacao":"","observacao":"","resultado":"","texto_original":"http://sapl.cambara.pr.leg.br/media/sapl/public/materialegislativa/2023/6961/prot._001_req_001_informacoes_procon.pdf","data_ultima_atualizacao":"2023-02-16T09:10:35.034330-03:00","ip":"187.94.139.230","ultima_edicao":"2023-02-16T09:06:45.443173-03:00","tipo":3,"regime_tramitacao":1,"tipo_origem_externa":null,"local_origem_externa":null,"user":28,"anexadas":[],"autores":[42,31,41]}