{"id":6960,"__str__":"Indica\u00e7\u00e3o n\u00ba 40 de 2023","link_detail_backend":"/materia/6960","metadata":{},"numero":40,"ano":2023,"numero_protocolo":null,"data_apresentacao":"2023-02-10","tipo_apresentacao":"","data_publicacao":null,"numero_origem_externa":"","ano_origem_externa":null,"data_origem_externa":null,"apelido":"","dias_prazo":null,"data_fim_prazo":null,"em_tramitacao":true,"polemica":false,"objeto":"","complementar":false,"ementa":"A vereadora Karen Dadona, acompanhada pelos vereadores Marcio Jos\u00e9 Albertini e Walmir Joaquim, por meio deste, solicitam ao Chefe do Executivo Municipal, senhor Jos\u00e9 Salim Haggi Neto, que este determine ao setor competente da Administra\u00e7\u00e3o P\u00fablica que sejam instaladas placas de acessibilidade, destinadas \u00e0s pessoas com necessidades especiais, nos espa\u00e7os p\u00fablicos do munic\u00edpio.","indexacao":"","observacao":"","resultado":"","texto_original":"http://sapl.cambara.pr.leg.br/media/sapl/public/materialegislativa/2023/6960/prot._091_ind_040_placas_cadeirantes_espacos_publicos.pdf","data_ultima_atualizacao":"2023-02-15T08:41:23.508326-03:00","ip":"187.94.139.230","ultima_edicao":"2023-02-15T08:40:40.987898-03:00","tipo":8,"regime_tramitacao":1,"tipo_origem_externa":null,"local_origem_externa":null,"user":28,"anexadas":[],"autores":[42,31,41]}