{"id":6944,"__str__":"Indica\u00e7\u00e3o n\u00ba 24 de 2023","link_detail_backend":"/materia/6944","metadata":{},"numero":24,"ano":2023,"numero_protocolo":null,"data_apresentacao":"2023-02-01","tipo_apresentacao":"","data_publicacao":null,"numero_origem_externa":"","ano_origem_externa":null,"data_origem_externa":null,"apelido":"","dias_prazo":null,"data_fim_prazo":null,"em_tramitacao":true,"polemica":false,"objeto":"","complementar":false,"ementa":"A vereadora Karen Dadona, acompanhada pelos vereadores Marcio Jos\u00e9 Albertini e Walmir Joaquim, por meio deste, solicitam ao Chefe do Executivo Municipal, senhor Jos\u00e9 Salim Haggi Neto, que este determine ao setor competente da Administra\u00e7\u00e3o P\u00fablica que tome as provid\u00eancias necess\u00e1rias e realize a instala\u00e7\u00e3o de um parque no Conjunto S\u00e3o Jos\u00e9 I, especificamente ao lado do Posto de Sa\u00fade.","indexacao":"","observacao":"","resultado":"","texto_original":"http://sapl.cambara.pr.leg.br/media/sapl/public/materialegislativa/2023/6944/prot._049_ind_024_parque_conj._sao_jose_i.pdf","data_ultima_atualizacao":"2023-02-15T08:09:37.875020-03:00","ip":"187.94.139.230","ultima_edicao":"2023-02-15T08:09:08.679204-03:00","tipo":8,"regime_tramitacao":1,"tipo_origem_externa":null,"local_origem_externa":null,"user":28,"anexadas":[],"autores":[42,31,41]}