{"id":6939,"__str__":"Indica\u00e7\u00e3o n\u00ba 19 de 2023","link_detail_backend":"/materia/6939","metadata":{},"numero":19,"ano":2023,"numero_protocolo":null,"data_apresentacao":"2023-01-30","tipo_apresentacao":"","data_publicacao":null,"numero_origem_externa":"","ano_origem_externa":null,"data_origem_externa":null,"apelido":"","dias_prazo":null,"data_fim_prazo":null,"em_tramitacao":true,"polemica":false,"objeto":"","complementar":false,"ementa":"O vereador Walmir Joaquim, acompanhado pelos vereadores Karen Dadona e Marcio Jos\u00e9 Albertini, por meio deste, solicitam ao Chefe do Executivo Municipal, senhor Jos\u00e9 Salim Haggi Neto, que este determine ao departamento competente da Administra\u00e7\u00e3o P\u00fablica que tomem provid\u00eancias urgentes e realizem a limpeza na cal\u00e7ada do Est\u00e1dio Jo\u00e3o Pereira Lima, especificamente na Rua Bar\u00e3o do Rio Branco, no Bairro Vila Rubim.","indexacao":"","observacao":"","resultado":"","texto_original":"http://sapl.cambara.pr.leg.br/media/sapl/public/materialegislativa/2023/6939/prot._042_ind_019_limpeza_rua_barao_do_rio_branco.pdf","data_ultima_atualizacao":"2023-02-14T17:09:32.431936-03:00","ip":"187.94.139.230","ultima_edicao":"2023-02-14T17:09:01.001969-03:00","tipo":8,"regime_tramitacao":1,"tipo_origem_externa":null,"local_origem_externa":null,"user":28,"anexadas":[],"autores":[42,31,41]}