{"id":4945,"__str__":"Projeto de Lei Complementar do Executivo n\u00ba 8 de 2019","link_detail_backend":"/materia/4945","metadata":{},"numero":8,"ano":2019,"numero_protocolo":null,"data_apresentacao":"2019-11-04","tipo_apresentacao":"E","data_publicacao":null,"numero_origem_externa":"","ano_origem_externa":null,"data_origem_externa":null,"apelido":"","dias_prazo":null,"data_fim_prazo":null,"em_tramitacao":true,"polemica":null,"objeto":"","complementar":null,"ementa":"ALTERA DISPOSITIVOS DA LEI COMPLEMENTAR N\u00ba 92, DE 04 DE JUNHO DE 2019 QUE \"DISP\u00d5E SOBRE A ISEN\u00c7\u00c3O DE IPTU PARA IM\u00d3VEIS DE AT\u00c9 70M\u00b2 E AOS PORTADORES DE DOEN\u00c7AS GRAVES, BEM COMO REGULAMENTA A ISEN\u00c7\u00c3O DE IPTU PREVISTA NO ART. 9\u00ba DO ATO DAS DISPOSI\u00c7\u00d5ES TRANSIT\u00d3RIAS DA LEI ORG\u00c2NICA MUNICIPAL E D\u00c1 OUTRAS PROVID\u00caNCIAS","indexacao":"","observacao":"","resultado":"","texto_original":"http://sapl.cambara.pr.leg.br/media/sapl/public/materialegislativa/2019/4945/02_plce_-_08_2019_-_alteracao_da_lei_complement_oP1oQh5.pdf","data_ultima_atualizacao":"2019-11-11T11:05:30.868766-03:00","ip":"189.76.192.130","ultima_edicao":null,"tipo":5,"regime_tramitacao":1,"tipo_origem_externa":null,"local_origem_externa":null,"user":28,"anexadas":[],"autores":[11]}