{"id":4755,"__str__":"Projeto de Resolu\u00e7\u00e3o n\u00ba 1 de 2019","link_detail_backend":"/materia/4755","metadata":{},"numero":1,"ano":2019,"numero_protocolo":null,"data_apresentacao":"2019-07-11","tipo_apresentacao":"E","data_publicacao":null,"numero_origem_externa":"","ano_origem_externa":null,"data_origem_externa":null,"apelido":"","dias_prazo":null,"data_fim_prazo":null,"em_tramitacao":true,"polemica":null,"objeto":"","complementar":null,"ementa":"Altera o \u201ccaput\u201d do art. 1\u00ba da Resolu\u00e7\u00e3o n\u00ba 04/2013, que disp\u00f5e sobre o uso do ve\u00edculo oficial da C\u00e2mara Municipal de Cambar\u00e1 e d\u00e1 outras provid\u00eancias.","indexacao":"","observacao":"","resultado":"","texto_original":"http://sapl.cambara.pr.leg.br/media/sapl/public/materialegislativa/2019/4755/projeto_de_resolucao_01_2019_uso_do_veiculo.pdf","data_ultima_atualizacao":"2019-08-02T14:53:05.415222-03:00","ip":"189.76.192.130","ultima_edicao":null,"tipo":2,"regime_tramitacao":1,"tipo_origem_externa":null,"local_origem_externa":null,"user":28,"anexadas":[],"autores":[17]}